{"id":7094,"date":"2021-12-15T18:35:33","date_gmt":"2021-12-15T17:35:33","guid":{"rendered":"https:\/\/miresi.es\/blog\/?p=7094"},"modified":"2026-04-23T18:18:39","modified_gmt":"2026-04-23T17:18:39","slug":"etapas-de-la-demencia-por-cuerpos-de-lewy","status":"publish","type":"post","link":"https:\/\/miresi.es\/blog\/etapas-de-la-demencia-por-cuerpos-de-lewy\/","title":{"rendered":"Todo sobre las 3 Etapas de la Demencia por Cuerpos de Lewy"},"content":{"rendered":"\n<p>\u00bfHab\u00edas escuchado hablar antes sobre este <strong><a href=\"https:\/\/miresi.es\/blog\/tipos-de-demencias\/\"  target=\"_blank\" rel=\"noreferrer noopener\"  target=\"_blank\" rel=\"noreferrer noopener\">tipo de demencia<\/a><\/strong>? Hoy en <strong><a href=\"https:\/\/miresi.es\"  target=\"_blank\"  target=\"_blank\">miResi<\/a> <\/strong>queremos hablarte sobre las diferentes etapas de la demencia por cuerpos de Lewy: una enfermedad muy presente entre nuestros mayores.<\/p>\n\n\n\n<p>Seg\u00fan <strong>MedlinePlus<\/strong>, \u201cel mayor factor de riesgo de la demencia es la edad, la mayor\u00eda de personas que la desarrolla es mayor de 50 a\u00f1os\u201d. Por tanto, debemos conocerla para ofrecer a nuestros mayores los mejores cuidados.<\/p>\n\n\n\n<p>En miResi, entendemos que cada etapa de la vida trae consigo desaf\u00edos \u00fanicos, especialmente para las personas mayores y aquellas que padecen condiciones como la demencia por cuerpos de Lewy. Por eso, te presentamos <strong><a href=\"https:\/\/senior.market\/\"  target=\"_blank\" rel=\"external nofollow\"  title=\"\"  class=\"wp-links-icon\">Senior Market,<\/a><\/strong> una tienda en l\u00ednea que brinda <strong>soluciones integrales<\/strong> para el cuidado y bienestar de los mayores. <\/p>\n\n\n\n<p>Entre su amplio cat\u00e1logo, puedes encontrar el<strong><a href=\"https:\/\/senior.market\/collections\/cuidados-a-domicilio\"  target=\"_blank\" rel=\"external nofollow\"  title=\"\"  class=\"wp-links-icon\"> servicio de cuidados a domicilio<\/a><\/strong>, que incluye servicio de <strong>fisioterapia <\/strong>a domicilio en Valladolid y servicio de <strong>enfermer\u00eda <\/strong>a domicilio en Valladolid, est\u00e1 compuesto por profesionales del sector sanitario que brindan atenci\u00f3n personalizada y apoyo profesional en la comodidad del hogar. El objetivo es contribuir al bienestar de los mayores con demencia por cuerpos de Lewy, de forma que nunca pierdan su calidad de vida. <\/p>\n\n\n\n<p>Te invitamos a entrar en <a href=\"https:\/\/senior.market\/\"  target=\"_blank\" rel=\"external nofollow\"  title=\"\"  class=\"wp-links-icon\"><strong>Senior Market<\/strong><\/a> y descubrir c\u00f3mo nuestros servicios pueden marcar la diferencia en la vida de quienes m\u00e1s quieres, ayud\u00e1ndoles a mantener la independencia y el bienestar a medida que enfrentan los retos del d\u00eda a d\u00eda.<\/p>\n\n\n<div class=\"wp-block-image\">\n<figure class=\"aligncenter size-large is-resized\"><a href=\"https:\/\/senior.market\/\"  target=\"_blank\" rel=\"external nofollow\"  ><img decoding=\"async\" width=\"830\" height=\"600\" src=\"https:\/\/miresiblog.imgix.net\/uploads\/2021\/12\/Captura-de-pantalla-2025-01-31-093420-1.png?auto=format%2Ccompress&ixlib=php-3.3.0&s=d45d1d5fc3bb355360c6564005fd6ad5\" alt=\"Senior Market\" class=\"wp-image-23708\" style=\"width:584px;height:auto\" srcset=\"https:\/\/miresiblog.imgix.net\/uploads\/2021\/12\/Captura-de-pantalla-2025-01-31-093420-1.png?auto=format%2Ccompress&ixlib=php-3.3.0&w=830&s=798881e7ca34e6cb8ec6745baa565b3f 830w, https:\/\/miresiblog.imgix.net\/uploads\/2021\/12\/Captura-de-pantalla-2025-01-31-093420-1.png?auto=format%2Ccompress&fit=crop&h=217&ixlib=php-3.3.0&w=300&s=2ed69b657ef624b441d0672447654f65 300w, https:\/\/miresiblog.imgix.net\/uploads\/2021\/12\/Captura-de-pantalla-2025-01-31-093420-1.png?auto=format%2Ccompress&fit=crop&h=740&ixlib=php-3.3.0&w=1024&s=d063e0d2d69cda76c20ae3efb1b6809e 1024w, https:\/\/miresiblog.imgix.net\/uploads\/2021\/12\/Captura-de-pantalla-2025-01-31-093420-1.png?auto=format%2Ccompress&fit=crop&h=555&ixlib=php-3.3.0&w=768&s=e5520a769d9258a954e2303f24a3394a 768w, https:\/\/miresiblog.imgix.net\/uploads\/2021\/12\/Captura-de-pantalla-2025-01-31-093420-1.png?auto=format%2Ccompress&fit=crop&h=260&ixlib=php-3.3.0&w=360&s=a32cdd0fba052e41ea43a0f63c0639ef 360w\" sizes=\"(max-width: 830px) 100vw, 830px\" \/><\/a><\/figure>\n<\/div>\n\n\n<div class=\"wp-block-buttons is-content-justification-center is-layout-flex wp-container-core-buttons-is-layout-16018d1d wp-block-buttons-is-layout-flex\">\n<div class=\"wp-block-button has-custom-font-size has-medium-font-size\"><a href=\"https:\/\/senior.market\/\"  target=\"_blank\" rel=\"external nofollow\"   class=\"wp-links-icon\"><strong>Descubre Senior Market aqu\u00ed<\/strong><\/a><\/div>\n<\/div>\n\n\n\n<p>Si no te quieres quedar sin saber m\u00e1s, \u00a1sigue leyendo! \ud83d\udc47\ud83c\udffd\u00a0<\/p>\n\n\n\n<h2 class=\"wp-block-heading\" id=\"1-que-es-la-demencia-por-cuerpos-de-lewy\">1. <strong>\u00bfQu\u00e9 es la demencia por cuerpos de Lewy?<\/strong><\/h2>\n\n\n\n<p>La demencia por cuerpos de Lewy es una <strong>enfermedad neurodegenerativa<\/strong> que afecta a las neuronas de la persona en cuestiones como: la actividad mental, el lenguaje o la percepci\u00f3n visual, entre otras.<\/p>\n\n\n\n<p>Al tratarse de una enfermedad progresiva, podemos ver c\u00f3mo la demencia por cuerpos de Lewy avanza por etapas y se da un importante deterioro cognitivo. Por eso, <strong>hay que saber identificar el momento en el que necesitan ayuda<\/strong>.<\/p>\n\n\n\n<p>Asimismo, afecta a <strong>personas entre 70 y 75 a\u00f1os, m\u00e1s a hombres que a mujeres<\/strong>. Sufren dificultades para prestar atenci\u00f3n, concentrarse, recordar\u2026<\/p>\n\n\n\n<div class=\"wp-block-buttons is-horizontal is-content-justification-center is-layout-flex wp-container-core-buttons-is-layout-499968f5 wp-block-buttons-is-layout-flex\">\n<div class=\"wp-block-button\"><a href=\"https:\/\/miresi.es\/buscador\/\"  rel=\"nofollow\"  rel=\"nofollow\">ver red de residencias<\/a><\/div>\n<\/div>\n\n\n\n<h2 class=\"wp-block-heading\" id=\"2-sintomas-de-demencia-por-cuerpos-de-lewy\">2. <strong>S\u00edntomas de demencia por cuerpos de Lewy<\/strong><\/h2>\n\n\n\n<p>Sin embargo, esos no son los \u00fanicos s\u00edntomas de la demencia por cuerpos de Lewy. Existen muchos m\u00e1s (<strong>s\u00edntomas muy similares a los de la enfermedad del Alzheimer y el <a href=\"https:\/\/miresi.es\/blog\/sintomas-del-parkinson\/\"  target=\"_blank\" rel=\"noreferrer noopener\"  target=\"_blank\" rel=\"noreferrer noopener\">Parkinson<\/a><\/strong>) que vamos a comentar ahora:<\/p>\n\n\n\n<h3 class=\"wp-block-heading\" id=\"2-1-movimientos-lentos\">2.1. <strong>Movimientos lentos<\/strong><\/h3>\n\n\n\n<p>La actividad motriz se ve muy afectada. Los <strong>movimientos<\/strong> son <strong>cada vez m\u00e1s lentos<\/strong> (incluso al caminar, se comienzan a arrastrar los pies) como con falta de energ\u00eda.\u00a0<\/p>\n\n\n\n<p>Uno de los motivos es que las articulaciones est\u00e1n muy r\u00edgidas y dificultan la movilidad. Adem\u00e1s, pueden llegar a darse <strong>temblores como en la <\/strong><a href=\"https:\/\/miresi.es\/residencias-parkinson\/\"  target=\"_blank\" rel=\"noreferrer noopener\"  target=\"_blank\" rel=\"noreferrer noopener\"><strong>enfermedad de Parkinson<\/strong>.\u00a0<\/a><\/p>\n\n\n\n<p>Por otro lado, se adoptan malas posturas corporales y cada vez es m\u00e1s dif\u00edcil mantener el equilibrio.<\/p>\n\n\n\n<h3 class=\"wp-block-heading\" id=\"2-2-problemas-de-sueno\">2.2. <strong>Problemas de sue\u00f1o<\/strong><\/h3>\n\n\n\n<p>La persona comienza a experimentar un <strong>trastorno de conducta durante el sue\u00f1o <a href=\"https:\/\/espanol.nichd.nih.gov\/salud\/temas\/sleep\/informacion\/REM\"  target=\"_blank\" rel=\"external nofollow\"  target=\"_blank\"  class=\"wp-links-icon\">REM<\/a><\/strong>. \u00bfEsto que quiere decir?<\/p>\n\n\n\n<p>Comienza a tener mayor cantidad de sue\u00f1os que vive con gran intensidad, como si fueran reales (este puede ser tambi\u00e9n un <strong>s\u00edntoma de Parkinson<\/strong>). Muchas veces, hace movimientos bruscos con brazos y piernas (conocido como s\u00edndrome de piernas inquietas).\u00a0<\/p>\n\n\n\n<p>A su vez, se encuentra en un <strong>estado de alerta constante<\/strong>, experimentando as\u00ed s\u00edntomas de vigilia (transiciones entre estar despierto y dormido).\u00a0<\/p>\n\n\n\n<p>Por otro lado, muchas veces el <strong><a href=\"https:\/\/miresi.es\/blog\/insomnio-en-personas-mayores\/\"  target=\"_blank\" rel=\"noreferrer noopener\"  target=\"_blank\" rel=\"noreferrer noopener\">insomnio<\/a><\/strong> y la <strong>incontinencia urinaria<\/strong> no le dejan dormir. Esto provoca que durante el d\u00eda, tenga bastantes fatigas y sensaci\u00f3n de sue\u00f1o, as\u00ed como cansancio mental.<\/p>\n\n\n<div class=\"wp-block-image\">\n<figure class=\"aligncenter size-large\"><img decoding=\"async\" width=\"1024\" height=\"683\" src=\"https:\/\/miresi.es\/blog\/wp-content\/uploads\/2021\/12\/older-lady-trying-to-sleep-2021-08-26-15-45-04-utc-2-1024x683.jpg\" alt=\"Etapas de la demencia por cuerpos de Lewy: insomnio\" class=\"wp-image-7118\" title=\"Etapas de la demencia por cuerpos de Lewy: insomnio\" srcset=\"https:\/\/miresiblog.imgix.net\/uploads\/2021\/12\/older-lady-trying-to-sleep-2021-08-26-15-45-04-utc-2-scaled.jpg?auto=format%2Ccompress&fit=crop&h=683&ixlib=php-3.3.0&w=1024&s=f73abb688a26432f204b2217d7a7ea6a 1024w, https:\/\/miresiblog.imgix.net\/uploads\/2021\/12\/older-lady-trying-to-sleep-2021-08-26-15-45-04-utc-2-scaled.jpg?auto=format%2Ccompress&fit=crop&h=200&ixlib=php-3.3.0&w=300&s=1c399df7cb33bc469be11a05221abe37 300w, https:\/\/miresiblog.imgix.net\/uploads\/2021\/12\/older-lady-trying-to-sleep-2021-08-26-15-45-04-utc-2-scaled.jpg?auto=format%2Ccompress&fit=crop&h=512&ixlib=php-3.3.0&w=768&s=8a484e1d9bbb62cf7055780348b91244 768w, https:\/\/miresiblog.imgix.net\/uploads\/2021\/12\/older-lady-trying-to-sleep-2021-08-26-15-45-04-utc-2-scaled.jpg?auto=format%2Ccompress&fit=crop&h=1024&ixlib=php-3.3.0&w=1536&s=bed26cd65f16338fd1b07a24b18fb279 1536w, https:\/\/miresiblog.imgix.net\/uploads\/2021\/12\/older-lady-trying-to-sleep-2021-08-26-15-45-04-utc-2-scaled.jpg?auto=format%2Ccompress&fit=crop&h=1365&ixlib=php-3.3.0&w=2048&s=aaeeb86b802a4ec3e386afe7fc5105ee 2048w, https:\/\/miresiblog.imgix.net\/uploads\/2021\/12\/older-lady-trying-to-sleep-2021-08-26-15-45-04-utc-2-scaled.jpg?auto=format%2Ccompress&fit=crop&h=240&ixlib=php-3.3.0&w=360&s=60519dc09b5f41fe9ff67e2345793d9b 360w, https:\/\/miresiblog.imgix.net\/uploads\/2021\/12\/older-lady-trying-to-sleep-2021-08-26-15-45-04-utc-2-scaled.jpg?auto=format%2Ccompress&ixlib=php-3.3.0&w=900&s=5cd9464956ab2823fcbcd9f0fe89d239 900w\" sizes=\"(max-width: 1024px) 100vw, 1024px\" \/><figcaption class=\"wp-element-caption\">El insomnio es uno de los s\u00edntomas de la demencia por cuerpos de Lewy<\/figcaption><\/figure>\n<\/div>\n\n\n<h3 class=\"wp-block-heading\" id=\"2-3-fallo-de-memoria\">2.3. <strong>Fallo de memoria<\/strong><\/h3>\n\n\n\n<p>A nivel cognitivo, les puede costar mucho recordar situaciones recientes.<\/p>\n\n\n\n<p>Tambi\u00e9n, tienen <strong>dificultad para concentrarse<\/strong> y por lo tanto, prestar atenci\u00f3n de forma continua sin dispersarse.<\/p>\n\n\n\n<h3 class=\"wp-block-heading\" id=\"2-4-cambios-en-el-estado-de-animo\">2.4. <strong>Cambios en el estado de \u00e1nimo<\/strong><\/h3>\n\n\n\n<p><strong>La conducta puede variar <\/strong>seg\u00fan el estado an\u00edmico del paciente.<\/p>\n\n\n\n<p>Se experimenta ansiedad, apat\u00eda (falta de ilusi\u00f3n por las cosas), agresividad tanto verbal como f\u00edsica, bajo nivel afectivo (comienzan a ser m\u00e1s distantes y fr\u00edos). Incluso, llegan a presentar <strong>s\u00edntomas depresivos<\/strong>.<\/p>\n\n\n\n<div class=\"wp-block-buttons is-horizontal is-content-justification-center is-layout-flex wp-container-core-buttons-is-layout-499968f5 wp-block-buttons-is-layout-flex\">\n<div class=\"wp-block-button\"><a href=\"https:\/\/miresi.es\/buscador\/\"  rel=\"nofollow\"  rel=\"nofollow\">BUSCAR RESIDENCIAS PARA SALUD MENTAL<\/a><\/div>\n<\/div>\n\n\n\n<h3 class=\"wp-block-heading\" id=\"2-5-estrenimiento\">2.5. <strong>Estre\u00f1imiento<\/strong><\/h3>\n\n\n\n<p>La dificultad para ir al ba\u00f1o puede darse alguna vez en los pacientes con demencia por cuerpos de Lewy.<\/p>\n\n\n\n<p>Por ello, tambi\u00e9n es importante tenerla en cuenta.<\/p>\n\n\n\n<h3 class=\"wp-block-heading\" id=\"2-6-delirio\">2.6. <strong>Delirio<\/strong><\/h3>\n\n\n\n<p>Las personas que puedan tener demencia por cuerpos de Lewy, experimentan <strong>desorientaci\u00f3n en el espacio<\/strong> en el que se encuentran, como si se sintieran perdidos.<\/p>\n\n\n\n<p>Esto hace que acaben en un <strong>nivel de confusi\u00f3n muy grave<\/strong>, ya que no entienden al completo qu\u00e9 es lo que est\u00e1 sucediendo.<\/p>\n\n\n\n<h3 class=\"wp-block-heading\" id=\"2-7-alucinaciones-visuales\">2.7. <strong>Alucinaciones visuales<\/strong><\/h3>\n\n\n\n<p>B\u00e1sicamente, ven cosas que no existen.<\/p>\n\n\n\n<p>Seg\u00fan <strong><a href=\"https:\/\/ahoracentros.es\"  target=\"_blank\" rel=\"external nofollow\"  target=\"_blank\"  class=\"wp-links-icon\">Ahora Centros<\/a><\/strong> (centro socio-sanitario experto en memoria en la Comunidad de Madrid), \u201cun 75% de las personas que presentan demencia por cuerpos de Lewy, sufren alucinaciones visuales de forma recurrente: ven animales, personas que en realidad no est\u00e1n\u2026 Estas alucinaciones son muy claras; de hecho, es frecuente que los pacientes interact\u00faen con ellas\u201d.<\/p>\n\n\n\n<p>Adem\u00e1s, pueden sufrir tambi\u00e9n <strong>alucinaciones auditivas<\/strong> (escuchar ruidos que no existen) o <strong>cinest\u00e9sicas<\/strong> (sentir dolores internos que no son reales).\u00a0<\/p>\n\n\n\n<p>Todo esto debemos controlarlo los familiares. As\u00ed, su detecci\u00f3n es m\u00e1s f\u00e1cil para tomar medidas y soluciones cuanto antes \u263a\ufe0f<\/p>\n\n\n\n<div class=\"wp-block-buttons is-content-justification-center is-layout-flex wp-container-core-buttons-is-layout-16018d1d wp-block-buttons-is-layout-flex\">\n<div class=\"wp-block-button\"><a href=\"https:\/\/miresi.es\/buscador\/\"  rel=\"nofollow\"  rel=\"nofollow\">encontrar AYUDA gratis<\/a><\/div>\n<\/div>\n\n\n\n<div style=\"height:10px\" aria-hidden=\"true\" class=\"wp-block-spacer\"><\/div>\n\n\n<div class=\"wp-block-image\">\n<figure class=\"aligncenter size-full\"><img decoding=\"async\" width=\"940\" height=\"788\" src=\"https:\/\/miresi.es\/blog\/wp-content\/uploads\/2022\/02\/\u00bfComo-evitar-un-Ictos-6-2.png\" alt=\"Etapas de la demencia por cuerpos de Lewy: infograf\u00eda de los principales s\u00edntomas\" class=\"wp-image-9761\" title=\"Etapas de la demencia por cuerpos de Lewy: infograf\u00eda de los principales s\u00edntomas\" srcset=\"https:\/\/miresiblog.imgix.net\/uploads\/2022\/02\/%C2%BFComo-evitar-un-Ictos-6-2.png?auto=format%2Ccompress&ixlib=php-3.3.0&w=940&s=ad0849f704e9773d38989226126f19d2 940w, https:\/\/miresiblog.imgix.net\/uploads\/2022\/02\/%C2%BFComo-evitar-un-Ictos-6-2.png?auto=format%2Ccompress&fit=crop&h=251&ixlib=php-3.3.0&w=300&s=67726a18d899f277daef338f92c1bb12 300w, https:\/\/miresiblog.imgix.net\/uploads\/2022\/02\/%C2%BFComo-evitar-un-Ictos-6-2.png?auto=format%2Ccompress&fit=crop&h=644&ixlib=php-3.3.0&w=768&s=09847258e2d7be4d345e65c44104036e 768w, https:\/\/miresiblog.imgix.net\/uploads\/2022\/02\/%C2%BFComo-evitar-un-Ictos-6-2.png?auto=format%2Ccompress&fit=crop&h=302&ixlib=php-3.3.0&w=360&s=a1fafb3e5699e40797075da00cba2d17 360w\" sizes=\"(max-width: 940px) 100vw, 940px\" \/><figcaption class=\"wp-element-caption\">Infograf\u00eda sobre s\u00edntomas principales de la demencia por cuerpos de Lewy<\/figcaption><\/figure>\n<\/div>\n\n\n<h2 class=\"wp-block-heading\" id=\"3-etapas-de-la-demencia-por-cuerpos-de-lewy\">3. <strong>Etapas de la demencia por cuerpos de Lewy<\/strong><\/h2>\n\n\n\n<p>Los s\u00edntomas est\u00e1n claros. Ahora bien, definir claramente las etapas de la demencia por cuerpos de Lewy no es una tarea nada sencilla.<\/p>\n\n\n\n<p>\u00bfPor qu\u00e9? Esta enfermedad <strong>var\u00eda mucho en su d\u00eda a d\u00eda<\/strong>: el paciente puede encontrarse fatal hoy (no recordar nada) y ma\u00f1ana estar libre de cualquier s\u00edntoma cognitivo. Por tanto, esta fluctuaci\u00f3n dificulta mucho la detecci\u00f3n y seguimiento de la demencia por cuerpos de Lewy.<\/p>\n\n\n\n<p>Para evitar que existan problemas, lo m\u00e1s recomendable es que un <strong>neur\u00f3logo<\/strong> haga un diagn\u00f3stico del paciente (muchas veces es complicado porque los s\u00edntomas se confunden con los de la enfermedad de Parkinson o <a href=\"https:\/\/miresi.es\/blog\/primeros-sintomas-del-alzheimer\/\"  target=\"_blank\" rel=\"noreferrer noopener\"  target=\"_blank\" rel=\"noreferrer noopener\">Alzheimer<\/a>). As\u00ed, podremos llevar un control de la enfermedad.<\/p>\n\n\n<div class=\"wp-block-image\">\n<figure class=\"aligncenter size-large\"><img decoding=\"async\" width=\"1024\" height=\"526\" src=\"https:\/\/miresi.es\/blog\/wp-content\/uploads\/2021\/12\/mid-section-of-a-caucasian-male-doctor-prescribing-2021-08-28-16-43-58-utc-1024x526.jpg\" alt=\"Etapas de la demencia por cuerpos de Lewy: neur\u00f3logo\" class=\"wp-image-7112\" title=\"Etapas de la demencia por cuerpos de Lewy: neur\u00f3logo\" srcset=\"https:\/\/miresiblog.imgix.net\/uploads\/2021\/12\/mid-section-of-a-caucasian-male-doctor-prescribing-2021-08-28-16-43-58-utc-scaled.jpg?auto=format%2Ccompress&fit=crop&h=526&ixlib=php-3.3.0&w=1024&s=d72355fc8db876b063a04530c458c34d 1024w, https:\/\/miresiblog.imgix.net\/uploads\/2021\/12\/mid-section-of-a-caucasian-male-doctor-prescribing-2021-08-28-16-43-58-utc-scaled.jpg?auto=format%2Ccompress&fit=crop&h=154&ixlib=php-3.3.0&w=300&s=821fd17f0cbdca91dd77e12821087ec8 300w, https:\/\/miresiblog.imgix.net\/uploads\/2021\/12\/mid-section-of-a-caucasian-male-doctor-prescribing-2021-08-28-16-43-58-utc-scaled.jpg?auto=format%2Ccompress&fit=crop&h=394&ixlib=php-3.3.0&w=768&s=b22c95128489691d78ec6a1904a9d9b8 768w, https:\/\/miresiblog.imgix.net\/uploads\/2021\/12\/mid-section-of-a-caucasian-male-doctor-prescribing-2021-08-28-16-43-58-utc-scaled.jpg?auto=format%2Ccompress&fit=crop&h=788&ixlib=php-3.3.0&w=1536&s=e4f6ccc7999e83b08950464adad08a1c 1536w, https:\/\/miresiblog.imgix.net\/uploads\/2021\/12\/mid-section-of-a-caucasian-male-doctor-prescribing-2021-08-28-16-43-58-utc-scaled.jpg?auto=format%2Ccompress&fit=crop&h=1051&ixlib=php-3.3.0&w=2048&s=fbb3aac1075a53743a25aed3083be58b 2048w, https:\/\/miresiblog.imgix.net\/uploads\/2021\/12\/mid-section-of-a-caucasian-male-doctor-prescribing-2021-08-28-16-43-58-utc-scaled.jpg?auto=format%2Ccompress&fit=crop&h=185&ixlib=php-3.3.0&w=360&s=551e96b8e66d0847d2653333d82b1fe3 360w, https:\/\/miresiblog.imgix.net\/uploads\/2021\/12\/mid-section-of-a-caucasian-male-doctor-prescribing-2021-08-28-16-43-58-utc-scaled.jpg?auto=format%2Ccompress&ixlib=php-3.3.0&w=1169&s=a5e96c2ae99cd048006e4368f01b1372 1169w\" sizes=\"(max-width: 1024px) 100vw, 1024px\" \/><figcaption class=\"wp-element-caption\">El neur\u00f3logo es el encargado de realizar el diagn\u00f3stico y recetar la medicaci\u00f3n<\/figcaption><\/figure>\n<\/div>\n\n\n<p>Por tanto, hemos definido que las <strong>etapas de la demencia por cuerpos de Lewy<\/strong> sean las siguientes:<\/p>\n\n\n\n<h3 class=\"wp-block-heading\" id=\"3-1-etapa-temprana\">3.1. <strong>Etapa temprana<\/strong><\/h3>\n\n\n\n<p>En esta etapa, se comienzan a detectar los s\u00edntomas comentados antes y se decide ir al neur\u00f3logo para que realice la <strong>evaluaci\u00f3n de la memoria y el deterioro a nivel cognitivo<\/strong> (si existe).<\/p>\n\n\n\n<p>Lo m\u00e1s recomendable es acudir al m\u00e9dico cuanto antes, ya que <strong>el inicio y avance de este tipo de demencia es muy r\u00e1pido<\/strong>.<\/p>\n\n\n\n<p>Adem\u00e1s, afecta de una forma u otra <strong>dependiendo de la persona<\/strong>. Se empiezan a dar las <a href=\"https:\/\/miresi.es\/blog\/alucinaciones-nocturnas-en-ancianos\/\"  target=\"_blank\" rel=\"noreferrer noopener\"  target=\"_blank\" rel=\"noreferrer noopener\">alucinaciones<\/a>, los delirios y las pesadillas dentro del trastorno de conducta durante el sue\u00f1o REM.\u00a0<\/p>\n\n\n\n<p>Sin embargo, en cuestiones de movimiento algunos pacientes experimentan lentitud, mientras otros sufren hiperactividad con incontinencia urinaria.<\/p>\n\n\n\n<p>Por \u00faltimo, la <strong>confusi\u00f3n<\/strong> es un s\u00edntoma que empieza a estar fuertemente presente en la vida del paciente, dificultando su desempe\u00f1o en las tareas cotidianas.<\/p>\n\n\n\n<div class=\"wp-block-buttons is-horizontal is-content-justification-center is-layout-flex wp-container-core-buttons-is-layout-499968f5 wp-block-buttons-is-layout-flex\">\n<div class=\"wp-block-button\"><a href=\"https:\/\/miresi.es\/residencias-demencia\/\"  target=\"_blank\" rel=\"nofollow noopener\"  target=\"_blank\" rel=\"nofollow noopener\">mejores residencias para demencia<\/a><\/div>\n<\/div>\n\n\n\n<h3 class=\"wp-block-heading\" id=\"3-2-etapa-media\">3.2. <strong>Etapa media<\/strong><\/h3>\n\n\n\n<p>Cuando llegamos al meridiano de la demencia por cuerpos de Lewy, vemos c\u00f3mo cada vez <strong>la enfermedad avanza m\u00e1s r\u00e1pido<\/strong>, as\u00ed como se agravan los s\u00edntomas psicol\u00f3gicos y relacionados con la conducta.<\/p>\n\n\n\n<p>Se comienza a alterar la capacidad de memoria y el lenguaje progresivamente. Adem\u00e1s, disminuye la habilidad para prestar atenci\u00f3n y <strong>el aumento de la confusi\u00f3n en el paciente es considerable<\/strong>.<\/p>\n\n\n\n<p>En cuanto a la capacidad motriz, se sufren los siguientes s\u00edntomas en esta etapa: rigidez e inestabilidad a la hora de caminar, por lo que se experimentan <strong>ca\u00eddas usuales<\/strong>. Aqu\u00ed existe ya <strong>gran nivel de dependencia<\/strong> del paciente mayor con este tipo de demencia.<\/p>\n\n\n\n<div class=\"wp-block-buttons is-horizontal is-content-justification-center is-layout-flex wp-container-core-buttons-is-layout-499968f5 wp-block-buttons-is-layout-flex\">\n<div class=\"wp-block-button\"><a href=\"https:\/\/miresi.es\/buscador\/\"  rel=\"nofollow\"  rel=\"nofollow\">te ofrecemos la ayuda que necesitas<\/a><\/div>\n<\/div>\n\n\n\n<p>Por otro lado, <strong>la desorientaci\u00f3n y la confusi\u00f3n<\/strong> se hacen cada vez m\u00e1s presentes durante d\u00edas o semanas y comienzan a necesitar respuestas a ciertas preguntas.<\/p>\n\n\n\n<p>A esto se le suma la <strong>sensaci\u00f3n de somnolencia<\/strong> por el d\u00eda sin abandonar el estado de alerta, y las alucinaciones visuales son cada vez m\u00e1s frecuentes (aparecen ideas delirantes en el 50-65% de los pacientes).<\/p>\n\n\n\n<p>Por \u00faltimo y m\u00e1s importante, los pacientes comienzan a tener dificultad para valerse por s\u00ed mismos. Les cuesta tragar por la <strong><a href=\"https:\/\/miresi.es\/blog\/disfagia-en-ancianos-2\/\"  target=\"_blank\" rel=\"noreferrer noopener\"  target=\"_blank\" rel=\"noreferrer noopener\">disfagia<\/a><\/strong> que se empieza a sufrir en algunos casos, as\u00ed como el deterioro en el habla o la disminuci\u00f3n de la autonom\u00eda.<\/p>\n\n\n\n<div class=\"wp-block-buttons is-horizontal is-content-justification-center is-layout-flex wp-container-core-buttons-is-layout-499968f5 wp-block-buttons-is-layout-flex\">\n<div class=\"wp-block-button\"><a href=\"https:\/\/miresi.es\/buscador\/\"  rel=\"nofollow\"  rel=\"nofollow\">encuentra ayuda<\/a><\/div>\n<\/div>\n\n\n\n<h3 class=\"wp-block-heading\" id=\"3-3-etapa-tardia-test-mmse\">3.3. <strong>Etapa tard\u00eda: test MMSE<\/strong><\/h3>\n\n\n\n<p>En esta etapa de la demencia por cuerpos de Lewy, la enfermedad se encuentra en una <strong>fase muy avanzada<\/strong>.<\/p>\n\n\n\n<p>La rigidez en m\u00fasculos y articulaciones es muy alta, se vuelven hipersensibles al tacto y por tanto, <strong>totalmente dependientes<\/strong>. \u00bfPor qu\u00e9? No pueden llevar a cabo las <strong>AVD (<a href=\"https:\/\/miresi.es\/blog\/grados-de-discapacidad\/#1_Que_son_las_AVD_en_los_grados_de_discapacidad\"  target=\"_blank\" rel=\"noreferrer noopener\"  target=\"_blank\" rel=\"noreferrer noopener\">Actividades de la Vida Diaria<\/a>)<\/strong> de forma aut\u00f3noma.<\/p>\n\n\n\n<div class=\"wp-block-buttons is-horizontal is-content-justification-center is-layout-flex wp-container-core-buttons-is-layout-499968f5 wp-block-buttons-is-layout-flex\">\n<div class=\"wp-block-button\"><a href=\"https:\/\/miresi.es\/buscador\/\"  rel=\"nofollow\"  rel=\"nofollow\">buscar residencia para mi mayor<\/a><\/div>\n<\/div>\n\n\n\n<p>En esta fase severa de la enfermedad en la que los s\u00edntomas est\u00e1n claros, la medici\u00f3n a trav\u00e9s del <strong>test MMSE (Mini-Examen del Estado Mental)<\/strong> nos dar\u00e1 respuestas para detectar el tipo de demencia, poner tratamiento a tiempo y realizar un seguimiento.<\/p>\n\n\n\n<h2 class=\"wp-block-heading\" id=\"4-tratamiento\">4. <strong>Tratamiento<\/strong><\/h2>\n\n\n\n<p>Existen diferentes tipos de tratamiento para paliar los s\u00edntomas de la demencia por cuerpos de Lewy:<\/p>\n\n\n\n<h3 class=\"wp-block-heading\" id=\"4-1-farmacos\">4.1. F\u00e1rmacos<\/h3>\n\n\n\n<p>Seg\u00fan lo recomendado por el <strong>neur\u00f3logo<\/strong>.<\/p>\n\n\n\n<p>Sin embargo, debemos <strong>evitar a toda costa los neurol\u00e9pticos<\/strong>, ya que afectan mucho a pacientes con este tipo de demencia.<\/p>\n\n\n\n<h3 class=\"wp-block-heading\" id=\"4-2-fisioterapia\">4.2. <a href=\"https:\/\/miresi.es\/blog\/fisioterapia-en-residencias\/\"  target=\"_blank\" rel=\"noreferrer noopener\"  target=\"_blank\" rel=\"noreferrer noopener\">Fisioterapia<\/a><\/h3>\n\n\n\n<p>La <strong>rehabilitaci\u00f3n de la musculatura<\/strong>, har\u00e1 que el paciente no se atrofie en sus movimientos y as\u00ed, poder mejorar su capacidad motriz.<\/p>\n\n\n\n<h3 class=\"wp-block-heading\" id=\"4-3-terapia-ocupacional\">4.3. <a href=\"https:\/\/miresi.es\/blog\/terapia-ocupacional-en-geriatria\/\"  target=\"_blank\" rel=\"noreferrer noopener\"  target=\"_blank\" rel=\"noreferrer noopener\">Terapia ocupacional<\/a><\/h3>\n\n\n\n<p>La <a href=\"https:\/\/miresi.es\/buscador\/\"  >red de residencias de miResi<\/a> cuenta con <strong>terapias para mejorar la disfagia<\/strong> a trav\u00e9s de men\u00fas y dietas especiales, <strong>terapias para la recuperaci\u00f3n del lenguaje <\/strong>y el habla a trav\u00e9s de ejercicios con un logopeda, <strong>terapias para estimular la capacidad cerebral <\/strong>a trav\u00e9s de ejercicios mentales y <strong><a href=\"https:\/\/miresi.es\/blog\/la-mejor-musica-para-ancianos-con-demencia\/\"  target=\"_blank\" rel=\"noreferrer noopener\"  target=\"_blank\" rel=\"noreferrer noopener\">terapias musicales<\/a> o art\u00edsticas <\/strong>que consiguen reducir la ansiedad a trav\u00e9s del disfrute de estas actividades de ocio por parte de los mayores.<\/p>\n\n\n\n<h3 class=\"wp-block-heading\" id=\"4-4-actividades-sociales\">4.4. Actividades sociales<\/h3>\n\n\n\n<p>Estar en compa\u00f1\u00eda constante, har\u00e1 que <strong>disminuyan las alucinaciones visuales<\/strong>.<\/p>\n\n\n\n<p>Por eso, es muy recomendable <strong><a href=\"https:\/\/miresi.es\/blog\/protocolo-de-ingreso-en-residencia-de-mayores\/\"  target=\"_blank\" rel=\"noreferrer noopener\"  target=\"_blank\" rel=\"noreferrer noopener\">trasladar al paciente a una residencia<\/a> <\/strong>en la que pueda fomentar sus relaciones sociales con el personal y los dem\u00e1s residentes.<\/p>\n\n\n<div class=\"wp-block-image\">\n<figure class=\"aligncenter size-large\"><img decoding=\"async\" width=\"1024\" height=\"683\" src=\"https:\/\/miresi.es\/blog\/wp-content\/uploads\/2021\/12\/doctors-examining-senior-people-in-nursing-home-2021-11-11-03-48-26-utc-1024x683.jpg\" alt=\"Etapas de la demencia por cuerpos de Lewy: residencias\" class=\"wp-image-7114\" title=\"Etapas de la demencia por cuerpos de Lewy: residencias\" srcset=\"https:\/\/miresiblog.imgix.net\/uploads\/2021\/12\/doctors-examining-senior-people-in-nursing-home-2021-11-11-03-48-26-utc-scaled.jpg?auto=format%2Ccompress&fit=crop&h=683&ixlib=php-3.3.0&w=1024&s=92b78155bbbb7d5a61038cdac94ce6be 1024w, https:\/\/miresiblog.imgix.net\/uploads\/2021\/12\/doctors-examining-senior-people-in-nursing-home-2021-11-11-03-48-26-utc-scaled.jpg?auto=format%2Ccompress&fit=crop&h=200&ixlib=php-3.3.0&w=300&s=13314766facfc265880342dd8c61913c 300w, https:\/\/miresiblog.imgix.net\/uploads\/2021\/12\/doctors-examining-senior-people-in-nursing-home-2021-11-11-03-48-26-utc-scaled.jpg?auto=format%2Ccompress&fit=crop&h=512&ixlib=php-3.3.0&w=768&s=665bf5513f1d83d1e833b99e91cca2a3 768w, https:\/\/miresiblog.imgix.net\/uploads\/2021\/12\/doctors-examining-senior-people-in-nursing-home-2021-11-11-03-48-26-utc-scaled.jpg?auto=format%2Ccompress&fit=crop&h=1024&ixlib=php-3.3.0&w=1536&s=c53ce27ec1c5eb9baa47110751e3f2f8 1536w, https:\/\/miresiblog.imgix.net\/uploads\/2021\/12\/doctors-examining-senior-people-in-nursing-home-2021-11-11-03-48-26-utc-scaled.jpg?auto=format%2Ccompress&fit=crop&h=1365&ixlib=php-3.3.0&w=2048&s=cf412b0b5266122b780fc73b3c8becb8 2048w, https:\/\/miresiblog.imgix.net\/uploads\/2021\/12\/doctors-examining-senior-people-in-nursing-home-2021-11-11-03-48-26-utc-scaled.jpg?auto=format%2Ccompress&fit=crop&h=240&ixlib=php-3.3.0&w=360&s=866df93799e1cf73acc6771d51545cda 360w, https:\/\/miresiblog.imgix.net\/uploads\/2021\/12\/doctors-examining-senior-people-in-nursing-home-2021-11-11-03-48-26-utc-scaled.jpg?auto=format%2Ccompress&ixlib=php-3.3.0&w=900&s=17dc97e4acb5f2853fb5e0e76f272104 900w\" sizes=\"(max-width: 1024px) 100vw, 1024px\" \/><figcaption class=\"wp-element-caption\">Debemos evitar el aislamiento social para las personas con demencia por cuerpos de Lewy <\/figcaption><\/figure>\n<\/div>\n\n\n<h2 class=\"wp-block-heading\" id=\"5-cuidados-para-la-demencia-por-cuerpos-de-lewy\">5. Cuidados para la demencia por cuerpos de Lewy<\/h2>\n\n\n\n<p>Si hemos observado alguno de los s\u00edntomas de este tipo de demencia en nuestros familiares mayores, desde miResi os recomendamos\u00a0<strong><a href=\"https:\/\/miresi.es\/buscador\/\"  >buscar ayuda profesional<\/a><\/strong>. Para poder ayudarles a seguir manteniendo una alta calidad de vida, y evitar que su autonom\u00eda e independencia se vean afectadas, existen cuidados adecuados a las necesidades que pueden tener los mayores. <\/p>\n\n\n\n<p>En primer lugar, podemos valorar la opci\u00f3n de buscar <strong>ayuda a domicilio<\/strong>. Estos cuidados est\u00e1n pensados para los mayores que a\u00fan pueden valerse por s\u00ed mismos. El principal objetivo de la ayuda a domicilio es retrasar la dependencia el m\u00e1ximo tiempo posible y que los mayores puedan seguir teniendo una gran calidad de vida. <\/p>\n\n\n\n<p>En segundo lugar, existen las opciones de\u00a0<strong><a href=\"https:\/\/miresi.es\/blog\/que-es-un-centro-de-dia\/\"  target=\"_blank\" rel=\"noreferrer noopener\"  target=\"_blank\" rel=\"noreferrer noopener\">centro de d\u00eda<\/a><\/strong>. Estos centros est\u00e1n orientados a mejorar la calidad de vida de las personas mayores, as\u00ed como fomentar su independencia. Adem\u00e1s, permite a las familias poder mantener su ritmo de vida habitual. All\u00ed, el equipo de profesionales ofrece\u00a0cuidados asistenciales de calidad.  Adem\u00e1s, tienen la ventaja de que vuelven a casa a dormir, lo que les permite seguir conectados a su vida habitual.<\/p>\n\n\n\n<p>Por \u00faltimo, existen las\u00a0<strong><a href=\"https:\/\/miresi.es\/que-es-una-residencia-de-ancianos\/\"  target=\"_blank\"  target=\"_blank\">residencias para mayores<\/a><\/strong> que ofrecen una gran ayuda a mayores y familias. Estos centros ofrecen servicios de calidad a los mayores que ya no son independientes y necesitan ayuda de forma continuada. All\u00ed les ayudan a desarrollar todas sus capacidades y fomentan un envejecimiento activo. Adem\u00e1s, el personal est\u00e1 altamente cualificado y especializado en las patolog\u00edas de la tercera edad. De esta forma, las familias est\u00e1n tranquilas y sus mayores tienen sus necesidades cubiertas. <\/p>\n\n\n\n<div class=\"wp-block-buttons is-horizontal is-content-justification-center is-layout-flex wp-container-core-buttons-is-layout-499968f5 wp-block-buttons-is-layout-flex\">\n<div class=\"wp-block-button\"><a href=\"https:\/\/miresi.es\/buscador\/\"  rel=\"nofollow\"  rel=\"nofollow\">ASES\u00d3RAME DE MANERA GRATUITA<\/a><\/div>\n<\/div>\n\n\n\n<p>Si est\u00e1s interesado en alguna de las <strong><a href=\"https:\/\/miresi.es\/buscador\/\"  >residencias de nuestra red<\/a><\/strong>, puedes comprobar su disponibilidad a trav\u00e9s de nuestra web. Tambi\u00e9n puedes ponerte en contacto con nosotros y te daremos m\u00e1s informaci\u00f3n sobre los servicios del centro, instalaciones, equipo de profesionales, precios, etc. Adem\u00e1s, si te decides por alguno de ellos te ayudamos de <strong>manera gratuita<\/strong> en el proceso de ingreso.\u00a0<\/p>\n\n\n\n<p>En caso de que no hayas encontrado a\u00fan la mejor opci\u00f3n para tu familiar, no te preocupes. En \ud83d\udc9a<a href=\"https:\/\/miresi.es\"  target=\"_blank\" rel=\"noreferrer noopener\"  target=\"_blank\" rel=\"noreferrer noopener\"><strong>miResi<\/strong><\/a> haremos un an\u00e1lisis individualizado de tu caso y buscaremos la residencia que mejor se adapte a tus necesidades.\u00a0Sabemos que no son momentos f\u00e1ciles, por eso queremos acompa\u00f1arte y encontrar los <strong>mejores cuidados<\/strong>. No dudes en escribirnos, estaremos encantados de ayudarte.<\/p>\n\n\n\n<p class=\"has-cyan-bluish-gray-color has-text-color\" style=\"font-size:10px\">Fuentes:<\/p>\n\n\n\n<ul class=\"wp-block-list\">\n<li>MedlinePlus: <a href=\"https:\/\/medlineplus.gov\/spanish\/lewybodydementia.html\"  target=\"_blank\" rel=\"external nofollow\"   class=\"wp-links-icon\">https:\/\/medlineplus.gov\/spanish\/lewybodydementia.html<\/a><\/li>\n\n\n\n<li>Cl\u00ednica Universidad de Navarra: <a href=\"https:\/\/www.cun.es\/enfermedades-tratamientos\/enfermedades\/demencia-cuerpos-lewy\"  target=\"_blank\" rel=\"external nofollow\"   class=\"wp-links-icon\">https:\/\/www.cun.es\/enfermedades-tratamientos\/enfermedades\/demencia-cuerpos-lewy<\/a><\/li>\n\n\n\n<li>Ahora Centros: <a href=\"https:\/\/ahoracentros.es\/la-demencia-por-cuerpos-de-lewy\/\"  target=\"_blank\" rel=\"external nofollow\"   class=\"wp-links-icon\">https:\/\/ahoracentros.es\/la-demencia-por-cuerpos-de-lewy\/<\/a><\/li>\n\n\n\n<li>Neural: <a href=\"https:\/\/neural.es\/como-evolucionan-las-demencias\/\"  target=\"_blank\" rel=\"external nofollow\"   class=\"wp-links-icon\">https:\/\/neural.es\/como-evolucionan-las-demencias\/<\/a><\/li>\n\n\n\n<li>Manual MSD: <a href=\"https:\/\/www.msdmanuals.com\/es-es\/professional\/trastornos-neurol%C3%B3gicos\/delirio-y-demencia\/demencia-con-cuerpos-de-lewy-y-demencia-de-la-enfermedad-de-parkinson\"  target=\"_blank\" rel=\"external nofollow\"   class=\"wp-links-icon\">https:\/\/www.msdmanuals.com\/es-es\/professional\/trastornos-neurol\u00f3gicos\/delirio-y-demencia\/demencia-con-cuerpos-de-lewy-y-demencia-de-la-enfermedad-de-parkinson<\/a><\/li>\n\n\n\n<li>Disciplied: <a href=\"https:\/\/disciplied.com\/cuerpo-lewy-demencia-etapas-progresion\/\"  target=\"_blank\" rel=\"external nofollow\"   class=\"wp-links-icon\">https:\/\/disciplied.com\/cuerpo-lewy-demencia-etapas-progresion\/<\/a><\/li>\n<\/ul>\n<div style='text-align:center' class='yasr-auto-insert-visitor'><!--Yasr Visitor Votes Shortcode--><div id='yasr_visitor_votes_69a2f64b637c1' class='yasr-visitor-votes'><div class=\"yasr-custom-text-vv-before yasr-custom-text-vv-before-7094\">\u00a1Haz clic para puntuar esta entrada!<\/div><div id='yasr-vv-second-row-container-69a2f64b637c1'\r\n                                        class='yasr-vv-second-row-container'><div id='yasr-visitor-votes-rater-69a2f64b637c1'\r\n                                      class='yasr-rater-stars-vv'\r\n                                      data-rater-postid='7094'\r\n                                      data-rating='4.9'\r\n                                      data-rater-starsize='32'\r\n                                      data-rater-readonly='false'\r\n                                      data-rater-nonce='4d05b5a2cb'\r\n                                      data-issingular='false'\r\n                                    ><\/div><div class=\"yasr-vv-stats-text-container\" id=\"yasr-vv-stats-text-container-69a2f64b637c1\"><svg xmlns=\"https:\/\/www.w3.org\/2000\/svg\" width=\"20\" height=\"20\"\r\n                                   class=\"yasr-dashicons-visitor-stats\"\r\n                                   data-postid=\"7094\"\r\n                                   id=\"yasr-stats-dashicon-69a2f64b637c1\">\r\n                                   <path d=\"M18 18v-16h-4v16h4zM12 18v-11h-4v11h4zM6 18v-8h-4v8h4z\"><\/path>\r\n                               <\/svg><span id=\"yasr-vv-text-container-69a2f64b637c1\" class=\"yasr-vv-text-container\"> (Votos: <span id=\"yasr-vv-votes-number-container-69a2f64b637c1\">11<\/span>  Promedio: <span id=\"yasr-vv-average-container-69a2f64b637c1\">4.9<\/span>)<\/span><\/div><div id='yasr-vv-loader-69a2f64b637c1' class='yasr-vv-container-loader'><\/div><\/div><div id='yasr-vv-bottom-container-69a2f64b637c1'\r\n                              class='yasr-vv-bottom-container'\r\n                              style='display:none'><\/div><\/div><!--End Yasr Visitor Votes Shortcode--><\/div>","protected":false},"excerpt":{"rendered":"<p>Hoy en miResi te explicamos cu\u00e1les son las etapas de la demencia por cuerpos de Lewy: una enfermedad poco conocida que afecta a mayores. \u00bfQuieres saber m\u00e1s?<\/p>\n","protected":false},"author":9,"featured_media":7111,"comment_status":"open","ping_status":"open","sticky":false,"template":"","format":"standard","meta":{"yasr_overall_rating":0,"yasr_post_is_review":"","yasr_auto_insert_disabled":"","yasr_review_type":"","footnotes":""},"categories":[12],"tags":[684,334,333,683,565,263],"class_list":["post-7094","post","type-post","status-publish","format-standard","has-post-thumbnail","hentry","category-patologias","tag-cuerpos-de-lewy","tag-demencias-en-mayores","tag-enfermedad-de-alzheimer","tag-etapas-de-la-demencia-por-cuerpos-de-lewy","tag-insomnio-en-personas-mayores","tag-parkinson"],"yasr_visitor_votes":{"stars_attributes":{"read_only":false,"span_bottom":false},"number_of_votes":11,"sum_votes":54},"_links":{"self":[{"href":"https:\/\/miresi.es\/blog\/wp-json\/wp\/v2\/posts\/7094","targetHints":{"allow":["GET"]}}],"collection":[{"href":"https:\/\/miresi.es\/blog\/wp-json\/wp\/v2\/posts"}],"about":[{"href":"https:\/\/miresi.es\/blog\/wp-json\/wp\/v2\/types\/post"}],"author":[{"embeddable":true,"href":"https:\/\/miresi.es\/blog\/wp-json\/wp\/v2\/users\/9"}],"replies":[{"embeddable":true,"href":"https:\/\/miresi.es\/blog\/wp-json\/wp\/v2\/comments?post=7094"}],"version-history":[{"count":60,"href":"https:\/\/miresi.es\/blog\/wp-json\/wp\/v2\/posts\/7094\/revisions"}],"predecessor-version":[{"id":23709,"href":"https:\/\/miresi.es\/blog\/wp-json\/wp\/v2\/posts\/7094\/revisions\/23709"}],"wp:featuredmedia":[{"embeddable":true,"href":"https:\/\/miresi.es\/blog\/wp-json\/wp\/v2\/media\/7111"}],"wp:attachment":[{"href":"https:\/\/miresi.es\/blog\/wp-json\/wp\/v2\/media?parent=7094"}],"wp:term":[{"taxonomy":"category","embeddable":true,"href":"https:\/\/miresi.es\/blog\/wp-json\/wp\/v2\/categories?post=7094"},{"taxonomy":"post_tag","embeddable":true,"href":"https:\/\/miresi.es\/blog\/wp-json\/wp\/v2\/tags?post=7094"}],"curies":[{"name":"wp","href":"https:\/\/api.w.org\/{rel}","templated":true}]}}