{"id":7198,"date":"2021-12-16T16:01:01","date_gmt":"2021-12-16T15:01:01","guid":{"rendered":"https:\/\/miresi.es\/blog\/?p=7198"},"modified":"2026-04-23T18:18:36","modified_gmt":"2026-04-23T17:18:36","slug":"actividades-de-navidad-en-residencias-de-mayores","status":"publish","type":"post","link":"https:\/\/miresi.es\/blog\/actividades-de-navidad-en-residencias-de-mayores\/","title":{"rendered":"Las 8 Actividades de Navidad en Residencias de Mayores m\u00e1s Divertidas"},"content":{"rendered":"\n<p>\u00bfTrabajas en una residencia? O\u2026 \u00bfTienes alg\u00fan familiar viviendo en una residencia? Hoy el equipo de <strong><a href=\"https:\/\/miresi.es\"  target=\"_blank\" rel=\"noreferrer noopener\"  target=\"_blank\" rel=\"noreferrer noopener\">miResi<\/a><\/strong> est\u00e1 s\u00faper festivo y ya se est\u00e1 preparando para darle la bienvenida a la Navidad. Por eso, te contamos <strong>8 ideas sobre actividades de Navidad en residencias de mayores<\/strong>.<\/p>\n\n\n\n<p>Pero shhh, no se las cuentes a nadie. \u00a1Es un secreto! \ud83e\udd2b<\/p>\n\n\n\n<div class=\"wp-block-buttons is-horizontal is-content-justification-center is-layout-flex wp-container-core-buttons-is-layout-499968f5 wp-block-buttons-is-layout-flex\">\n<div class=\"wp-block-button\"><a href=\"https:\/\/miresi.es\/buscador\/\"  rel=\"noreferrer noopener\"  rel=\"noreferrer noopener\">Ver red de residencias<\/a><\/div>\n<\/div>\n\n\n\n<div style=\"height:10px\" aria-hidden=\"true\" class=\"wp-block-spacer\"><\/div>\n\n\n\n<h2 class=\"wp-block-heading\" id=\"1-actividades-de-navidad-en-residencias-de-mayores\">1. <strong>Actividades de Navidad en residencias de mayores<\/strong><\/h2>\n\n\n\n<p>Hace muy poquito, hicimos un post sobre <a href=\"https:\/\/miresi.es\/blog\/6-ideas-de-regalos-para-personas-mayores-en-navidad\/\"  target=\"_blank\" rel=\"noreferrer noopener\"  target=\"_blank\" rel=\"noreferrer noopener\">6 ideas de regalos para personas mayores en Navidad <\/a>que tuvo muy buena acogida. De hecho, \u00a1te invitamos a leerlo y decidir por fin qu\u00e9 le puedes regalar a tu mayor! \ud83c\udf81\u00a0<\/p>\n\n\n\n<p>Ahora, nos hemos lanzado a la diversi\u00f3n. Y es que, queremos que nuestros mayores se lo pasen bien tengan la edad que tengan. Por eso, queremos dar ideas a las <a href=\"https:\/\/miresi.es\/buscador\/\"  rel=\"noreferrer noopener\"  rel=\"noreferrer noopener\">residencias de Espa\u00f1a<\/a> para que la Navidad se convierta en una \u00e9poca feliz para nuestros residentes mayores.<\/p>\n\n\n\n<p>\u00a1A por ello! Estas son <strong>nuestras 8 actividades m\u00e1s recomendadas<\/strong>:<\/p>\n\n\n\n<h3 class=\"wp-block-heading\" id=\"1-1-montar-el-arbol-de-navidad\">1.1. <strong>Montar el \u00e1rbol de Navidad<\/strong><\/h3>\n\n\n\n<p>En Espa\u00f1a, al menos, es tradici\u00f3n montar el \u00e1rbol de Navidad en el puente de diciembre. Sin embargo, algunos siempre lo dejamos para \u00faltima hora, \u00a1somos procrastinadores natos!<\/p>\n\n\n\n<p>Si a\u00fan no has hecho el \u00e1rbol en tu residencia, creemos que <strong>necesitas un buen equipo: tus mayores<\/strong>.\u00a0<\/p>\n\n\n\n<p>El sentido del gusto, la tradici\u00f3n y la experiencia les hacen los mejores profesionales para dise\u00f1ar un \u00e1rbol navide\u00f1o que ni el mism\u00edsimo Pap\u00e1 Noel: desde la elecci\u00f3n del abeto m\u00e1s frondoso hasta la <strong>decoraci\u00f3n con guirnaldas, luces y estrellas.<\/strong><\/p>\n\n\n\n<p>Adem\u00e1s, para ponerle ese toque personal, podemos animarles a colgar de una de las ramas una <strong>fotito con un deseo detr\u00e1s<\/strong> que les ayudemos a escribir.<\/p>\n\n\n\n<p>\u00a1Una actividad fant\u00e1stica para recuperar la ilusi\u00f3n! \ud83c\udf84<\/p>\n\n\n\n<h3 class=\"wp-block-heading\" id=\"1-2-manualidades-a-decorar\">1.2. <strong>Manualidades: \u00a1a decorar!<\/strong><\/h3>\n\n\n\n<p>A pesar de que el \u00e1rbol es el gran protagonista, la decoraci\u00f3n no puede acabarse aqu\u00ed.<\/p>\n\n\n\n<p>\u00bfCu\u00e1ntas veces hemos visto a nuestros mayores aburridos? \u00a1No! Esto no lo podemos permitir. En las residencias que pertenecen a la <strong><a href=\"https:\/\/miresi.es\/buscador\/\"  rel=\"noreferrer noopener\"  rel=\"noreferrer noopener\">red de miResi<\/a><\/strong>, no se para. <strong><a href=\"https:\/\/miresi.es\/blog\/5-actividades-para-personas-mayores-en-invierno\/\"  target=\"_blank\" rel=\"noreferrer noopener\"  target=\"_blank\" rel=\"noreferrer noopener\">Actividades<\/a>, talleres, manualidades\u2026\u00a0<\/strong><\/p>\n\n\n\n<p>Los terapeutas ocupacionales se encargan de promover el <strong><a href=\"https:\/\/miresi.es\/blog\/que-es-el-envejecimiento-activo\/\"  target=\"_blank\" rel=\"noreferrer noopener\"  target=\"_blank\" rel=\"noreferrer noopener\">envejecimiento activo<\/a><\/strong> a trav\u00e9s de diferentes actividades. El objetivo es estimular el cerebro de nuestros mayores jugando y divirti\u00e9ndose.\u00a0<\/p>\n\n\n\n<p>Las <strong><a href=\"https:\/\/miresi.es\/blog\/manualidades-para-personas-mayores-en-residencias\/\"  target=\"_blank\" rel=\"noreferrer noopener\"  target=\"_blank\" rel=\"noreferrer noopener\">manualidades<\/a><\/strong> son una actividad ideal para mejorar la capacidad motriz de manos y brazos, potenciar la concentraci\u00f3n y aumentar el nivel de autoestima. \u00bfC\u00f3mo hace sentir esto a los residentes? <strong>\u00datiles, valorados y motivados<\/strong>.<\/p>\n\n\n\n<p>\u00bf<strong>Ejemplos de decoraciones navide\u00f1as<\/strong> que podamos realizar con nuestros mayores? Guirnaldas, centros de mesa, adornos para el \u00e1rbol, el portal de Bel\u00e9n con materiales reciclados, etc.<\/p>\n\n\n\n<div class=\"wp-block-image\"><figure class=\"aligncenter size-large\"><img decoding=\"async\" width=\"1024\" height=\"683\" src=\"https:\/\/miresi.es\/blog\/wp-content\/uploads\/2021\/12\/diy-christmas-gnomes-are-made-from-old-clothes-and-2021-12-14-18-52-33-utc-1024x683.jpg\" alt=\"Actividades de Navidad en residencias de mayores: manualidades\" class=\"wp-image-7242\" title=\"Actividades de Navidad en residencias de mayores: manualidades\" srcset=\"https:\/\/miresiblog.imgix.net\/uploads\/2021\/12\/diy-christmas-gnomes-are-made-from-old-clothes-and-2021-12-14-18-52-33-utc-scaled.jpg?auto=format%2Ccompress&fit=crop&h=683&ixlib=php-3.3.0&w=1024&s=68921cafabb72d306b205a3aa14ac873 1024w, https:\/\/miresiblog.imgix.net\/uploads\/2021\/12\/diy-christmas-gnomes-are-made-from-old-clothes-and-2021-12-14-18-52-33-utc-scaled.jpg?auto=format%2Ccompress&fit=crop&h=200&ixlib=php-3.3.0&w=300&s=89ccfb22e9efc2f84bbfc79b5e788e12 300w, https:\/\/miresiblog.imgix.net\/uploads\/2021\/12\/diy-christmas-gnomes-are-made-from-old-clothes-and-2021-12-14-18-52-33-utc-scaled.jpg?auto=format%2Ccompress&fit=crop&h=512&ixlib=php-3.3.0&w=768&s=b90835e57d307ea1943940894fb26a6d 768w, https:\/\/miresiblog.imgix.net\/uploads\/2021\/12\/diy-christmas-gnomes-are-made-from-old-clothes-and-2021-12-14-18-52-33-utc-scaled.jpg?auto=format%2Ccompress&fit=crop&h=1024&ixlib=php-3.3.0&w=1536&s=5f76772639d0f6a04051255f8d1817be 1536w, https:\/\/miresiblog.imgix.net\/uploads\/2021\/12\/diy-christmas-gnomes-are-made-from-old-clothes-and-2021-12-14-18-52-33-utc-scaled.jpg?auto=format%2Ccompress&fit=crop&h=1365&ixlib=php-3.3.0&w=2048&s=cff698c2bd60d48f8de1236d9ae2b965 2048w, https:\/\/miresiblog.imgix.net\/uploads\/2021\/12\/diy-christmas-gnomes-are-made-from-old-clothes-and-2021-12-14-18-52-33-utc-scaled.jpg?auto=format%2Ccompress&fit=crop&h=240&ixlib=php-3.3.0&w=360&s=53e052efcce546142fbf1bfcecb0ee52 360w, https:\/\/miresiblog.imgix.net\/uploads\/2021\/12\/diy-christmas-gnomes-are-made-from-old-clothes-and-2021-12-14-18-52-33-utc-scaled.jpg?auto=format%2Ccompress&ixlib=php-3.3.0&w=900&s=d94d198f75727748d0d16f5931097aef 900w\" sizes=\"(max-width: 1024px) 100vw, 1024px\" \/><figcaption>Las manualidades navide\u00f1as son una idea magn\u00edfica para entretener a nuestros mayores<\/figcaption><\/figure><\/div>\n\n\n\n<p>\u00a1Hay miles de opciones!<\/p>\n\n\n\n<h3 class=\"wp-block-heading\" id=\"1-3-poner-a-prueba-las-cuerdas-vocales\">1.3. <strong>Poner a prueba las cuerdas vocales<\/strong><\/h3>\n\n\n\n<p>S\u00ed, es hora de <strong>cantar<\/strong>. Lo importante es que nuestros mayores se lo pasen bien, se r\u00edan un rato y disfruten del poder de la m\u00fasica. \u00a1No importa que llueva! \ud83c\udfb5<\/p>\n\n\n\n<p>Podemos hacer una lista de reproducci\u00f3n variada en la que incorporamos desde <strong>villancicos tradicionales espa\u00f1oles<\/strong> de toda la vida hasta a la mism\u00edsima Mariah Carey con su famoso <a href=\"https:\/\/youtu.be\/aAkMkVFwAoo\"  target=\"_blank\" rel=\"external nofollow\"  target=\"_blank\" rel=\"noreferrer noopener nofollow\"  class=\"wp-links-icon\">All I want for Christmas is You<\/a>.\u00a0<\/p>\n\n\n\n<p>Aqu\u00ed la idea es generar buen ambiente en la residencia. Adem\u00e1s, muchos residentes presentan <strong><a href=\"https:\/\/miresi.es\/blog\/tipos-de-demencias\/\"  target=\"_blank\" rel=\"noreferrer noopener\"  target=\"_blank\" rel=\"noreferrer noopener\">demencia<\/a><\/strong>, por lo que escuchar m\u00fasica les vendr\u00e1 genial para trabajar la memoria.<\/p>\n\n\n\n<div class=\"wp-block-buttons is-horizontal is-content-justification-center is-layout-flex wp-container-core-buttons-is-layout-499968f5 wp-block-buttons-is-layout-flex\">\n<div class=\"wp-block-button\"><a href=\"https:\/\/miresi.es\/residencias-demencia\/\"  target=\"_blank\" rel=\"noreferrer noopener\"  target=\"_blank\" rel=\"noreferrer noopener\">buscar residencias para demencia<\/a><\/div>\n<\/div>\n\n\n\n<p>Si quieres conocer la <strong><a href=\"https:\/\/miresi.es\/blog\/la-mejor-musica-para-ancianos-con-demencia\/\"  target=\"_blank\" rel=\"noreferrer noopener\"  target=\"_blank\" rel=\"noreferrer noopener\">mejor m\u00fasica para ancianos con demencia<\/a><\/strong>, no te pierdas este post que publicamos el mes pasado.<\/p>\n\n\n\n<h3 class=\"wp-block-heading\" id=\"1-4-taller-de-cocina-dulce-navidena\">1.4. <strong>Taller de cocina dulce navide\u00f1a<\/strong><\/h3>\n\n\n\n<p>Sabemos que <strong>comer dulce no es lo m\u00e1s recomendable para nuestros mayores<\/strong>. Y menos para aquellos que presentan alguna alteraci\u00f3n como la <strong><a href=\"https:\/\/miresi.es\/blog\/como-tratar-la-diabetes-en-personas-mayores\/\"  target=\"_blank\" rel=\"noreferrer noopener\"  target=\"_blank\" rel=\"noreferrer noopener\">diabetes<\/a><\/strong>.<\/p>\n\n\n\n<p>Sin embargo, \u00a1hay soluci\u00f3n! Como a nadie le amarga un dulce y es Navidad, vamos a hacer una excepci\u00f3n.<\/p>\n\n\n\n<p>De todas formas, existen alternativas como realizar un taller de cocina dulce navide\u00f1a <strong>por la ma\u00f1ana<\/strong> para evitar que les pueda hacer da\u00f1o en el est\u00f3mago. Adem\u00e1s, el auxiliar de enfermer\u00eda deber\u00e1 controlar las cantidades.<\/p>\n\n\n\n<p>A la hora de elaborar los dulces (turrones, por ejemplo), podemos hacer uso de <strong>sustitutivos del az\u00facar<\/strong> para ofrecer el mismo sabor pero de una forma saludable a nuestros mayores utilizando: canela, vainilla o nuez moscada.<\/p>\n\n\n\n<div class=\"wp-block-image\"><figure class=\"aligncenter size-large\"><img decoding=\"async\" width=\"1024\" height=\"745\" src=\"https:\/\/miresi.es\/blog\/wp-content\/uploads\/2021\/12\/cooking-christmas-food-2021-08-29-22-48-42-utc-2-1024x745.jpg\" alt=\"Actividades de Navidad en residencias de mayores: taller de cocina\" class=\"wp-image-7244\" title=\"Actividades de Navidad en residencias de mayores: taller de cocina\" srcset=\"https:\/\/miresiblog.imgix.net\/uploads\/2021\/12\/cooking-christmas-food-2021-08-29-22-48-42-utc-2-scaled.jpg?auto=format%2Ccompress&fit=crop&h=745&ixlib=php-3.3.0&w=1024&s=3ea45df76a7d47559ea9ce3c9a391259 1024w, https:\/\/miresiblog.imgix.net\/uploads\/2021\/12\/cooking-christmas-food-2021-08-29-22-48-42-utc-2-scaled.jpg?auto=format%2Ccompress&fit=crop&h=218&ixlib=php-3.3.0&w=300&s=50f280a10ef2dc58ca13f8774302e77a 300w, https:\/\/miresiblog.imgix.net\/uploads\/2021\/12\/cooking-christmas-food-2021-08-29-22-48-42-utc-2-scaled.jpg?auto=format%2Ccompress&fit=crop&h=559&ixlib=php-3.3.0&w=768&s=bb5f6b399a5951b08901dace19cae8b9 768w, https:\/\/miresiblog.imgix.net\/uploads\/2021\/12\/cooking-christmas-food-2021-08-29-22-48-42-utc-2-scaled.jpg?auto=format%2Ccompress&fit=crop&h=1117&ixlib=php-3.3.0&w=1536&s=c9d48c8891beafac75ccbde43fb8161f 1536w, https:\/\/miresiblog.imgix.net\/uploads\/2021\/12\/cooking-christmas-food-2021-08-29-22-48-42-utc-2-scaled.jpg?auto=format%2Ccompress&fit=crop&h=1489&ixlib=php-3.3.0&w=2048&s=7c82b7ef268e75afdcea9bd347d6b437 2048w, https:\/\/miresiblog.imgix.net\/uploads\/2021\/12\/cooking-christmas-food-2021-08-29-22-48-42-utc-2-scaled.jpg?auto=format%2Ccompress&fit=crop&h=262&ixlib=php-3.3.0&w=360&s=88f8c495bd1af66e8d2b48a0beee1e78 360w, https:\/\/miresiblog.imgix.net\/uploads\/2021\/12\/cooking-christmas-food-2021-08-29-22-48-42-utc-2-scaled.jpg?auto=format%2Ccompress&ixlib=php-3.3.0&w=825&s=da01229cfeb672d239d472e62aa9a189 825w\" sizes=\"(max-width: 1024px) 100vw, 1024px\" \/><figcaption>Cocinar en buena compa\u00f1\u00eda distrae la mente de los residentes <\/figcaption><\/figure><\/div>\n\n\n\n<p>\u00bfCu\u00e1l ser\u00e1 el dulce ganador? \ud83d\udc40<\/p>\n\n\n\n<h3 class=\"wp-block-heading\" id=\"1-5-club-de-lectura-de-cuentos\">1.5. <strong>Club de lectura de cuentos<\/strong><\/h3>\n\n\n\n<p>\u00bfA qui\u00e9n no le gusta que le lean un cuento antes de dormir?<\/p>\n\n\n\n<p>En las <a href=\"https:\/\/miresi.es\/que-es-una-residencia-de-ancianos\/\"  target=\"_blank\" rel=\"noreferrer noopener\"  target=\"_blank\" rel=\"noreferrer noopener\">residencias<\/a>, ser\u00e1 ideal organizar una especie de <strong>fiesta de pijamas<\/strong> donde se reunir\u00e1n los mayores con sus <a href=\"https:\/\/miresi.es\/blog\/terapia-ocupacional-en-geriatria\/\"  target=\"_blank\" rel=\"noreferrer noopener\"  target=\"_blank\" rel=\"noreferrer noopener\">terapeutas ocupacionales<\/a> para dar rienda suelta a la imaginaci\u00f3n a trav\u00e9s de la escucha activa.<\/p>\n\n\n\n<p>La narrativa de historias navide\u00f1as mantendr\u00e1 a nuestros mayores en vilo\u2026 \u00a1Podemos proponerles pensar en un final alternativo para cada cuento! <strong>Esto estimular\u00e1 su nivel cognitivo a la vez que mejorar\u00e1 la capacidad de atenci\u00f3n<\/strong>.<\/p>\n\n\n\n<h3 class=\"wp-block-heading\" id=\"1-6-excursion-a-un-mercadillo-navideno\">1.6. <strong>Excursi\u00f3n a un mercadillo navide\u00f1o<\/strong><\/h3>\n\n\n\n<p>Muchas de las <a href=\"https:\/\/miresi.es\/buscador\/\"  rel=\"noreferrer noopener\"  rel=\"noreferrer noopener\">residencias que pertenecen a nuestra red<\/a> apuestan por organizar <strong>actividades en el exterior<\/strong>.<\/p>\n\n\n\n<p>\u00a1Es genial! As\u00ed, podremos organizar una excursi\u00f3n para nuestros mayores al mercadillo de Navidad m\u00e1s cercano. <strong>Hay muchos en todo el territorio espa\u00f1ol<\/strong>.<\/p>\n\n\n\n<p>En la <a href=\"https:\/\/www.esmadrid.com\/agenda\/navidad-madrid\/mercadillos-navidenos\"  target=\"_blank\" rel=\"external nofollow\"  target=\"_blank\" rel=\"noreferrer noopener nofollow\"  class=\"wp-links-icon\">P\u00e1gina Oficial de Turismo de la Ciudad de Madrid<\/a>, podemos encontrar muchos como:\u00a0<\/p>\n\n\n\n<ul class=\"wp-block-list\"><li><strong>El Mercado de Navidad de la Plaza Mayor<\/strong> (26 noviembre-31 diciembre)<\/li><li><strong>Feria Mercado de Artesan\u00eda de la Comunidad de Madrid<\/strong> (la puedes encontrar en el Paseo de Recoletos del 1 al 31 de diciembre)<\/li><li><strong>Mercadillo de Navidad de El Corte Ingl\u00e9s Castellana<\/strong> (hasta el 5 de enero)<\/li><\/ul>\n\n\n\n<h3 class=\"wp-block-heading\" id=\"1-7-maraton-de-cine\">1.7. <strong>Marat\u00f3n de cine<\/strong><\/h3>\n\n\n\n<p>Con la llegada del <a href=\"https:\/\/miresi.es\/blog\/frio-en-personas-mayores\/\"  target=\"_blank\" rel=\"noreferrer noopener\"  target=\"_blank\" rel=\"noreferrer noopener\">fr\u00edo<\/a>, lo que m\u00e1s apetece es taparse con una mantita, tomar algo caliente y <strong>ver una peli.<\/strong> \u00a1A nuestros mayores les va a encantar este planazo! \ud83c\udfac<\/p>\n\n\n\n<p>Podemos hacer una <strong>selecci\u00f3n de pel\u00edculas cl\u00e1sicas <\/strong>como <em>Lo que el viento se llev\u00f3, Mr<\/em>. Marshall o <em>Ciudadano Kane<\/em>. As\u00ed, les transportaremos de nuevo a su \u00e9poca y disfrutar\u00e1n de un buen rato en compa\u00f1\u00eda de los dem\u00e1s residentes.<\/p>\n\n\n\n<div class=\"wp-block-buttons is-horizontal is-content-justification-center is-layout-flex wp-container-core-buttons-is-layout-499968f5 wp-block-buttons-is-layout-flex\">\n<div class=\"wp-block-button\"><a href=\"https:\/\/miresi.es\/buscador\/\"  rel=\"noreferrer noopener\"  rel=\"noreferrer noopener\">\u00bfTe ayudamos a encontrar la residencia ideal?<\/a><\/div>\n<\/div>\n\n\n\n<p>Toca ponerse c\u00f3modos y darle al <em>play<\/em>.<\/p>\n\n\n\n<h3 class=\"wp-block-heading\" id=\"1-8-nochevieja-nos-vestimos-de-gala\">1.8. <strong>Nochevieja: \u00a1nos vestimos de gala!<\/strong><\/h3>\n\n\n\n<p>Las campanadas en la noche de Fin de A\u00f1o son una buena opci\u00f3n para <strong>arreglar un poquito a nuestros mayores<\/strong>.<\/p>\n\n\n\n<p><strong>Es un d\u00eda para subirles la autoestima<\/strong>. Por tanto, los servicios adicionales de nuestra <a href=\"https:\/\/miresi.es\/buscador\/\"  rel=\"noreferrer noopener\"  rel=\"noreferrer noopener\">red de residencias<\/a> como <strong>peluquer\u00eda o podolog\u00eda<\/strong> tendr\u00e1n mayor carga de trabajo en estas fechas porque el reto es \u00a1ponerlos a punto!<\/p>\n\n\n\n<p>Los <strong><a href=\"https:\/\/miresi.es\/blog\/personal-minimo-en-residencias\/#15_Auxiliar_de_enfermeria\"  target=\"_blank\" rel=\"noreferrer noopener\"  target=\"_blank\" rel=\"noreferrer noopener\">auxiliares de enfermer\u00eda<\/a><\/strong> ser\u00e1n los encargados de hacer que esa noche nuestros mayores brillen un poco m\u00e1s si pueden. Un maquillaje sencillo pero atrevido, vestimenta de gala (traje y vestido), manicura y pedicura, peinados, etc.<\/p>\n\n\n\n<p>Una vez est\u00e9n arreglados, <strong>cenar\u00e1n todos los residentes juntos<\/strong> con sus respectivas dietas (pero con men\u00fas muy especiales).\u00a0<\/p>\n\n\n\n<p>Finalmente, se comer\u00e1n las 12 uvas preparadas con mimo para cada uno, escogiendo las m\u00e1s peque\u00f1as y quitando las pepitas para evitar que se d\u00e9 alg\u00fan atragantamiento por <a href=\"https:\/\/miresi.es\/blog\/disfagia-en-ancianos-2\/\"  target=\"_blank\" rel=\"noreferrer noopener\"  target=\"_blank\" rel=\"noreferrer noopener\">disfagia<\/a>.<\/p>\n\n\n\n<p>\u00a1Y feliz a\u00f1o nuevo! \ud83c\udf89<\/p>\n\n\n\n<h2 class=\"wp-block-heading\" id=\"2-miresi-somos-tu-segunda-familia\">2. <strong><a href=\"https:\/\/miresi.es\"  target=\"_blank\" rel=\"noreferrer noopener\"  target=\"_blank\" rel=\"noreferrer noopener\">miResi<\/a>: Somos tu segunda familia<\/strong><\/h2>\n\n\n\n<p>En <strong>miResi<\/strong> somos conscientes de <strong>la soledad y el aislamiento social<\/strong> que muchas veces sufren nuestros mayores: est\u00e9n o no acompa\u00f1ados.<\/p>\n\n\n\n<p>Seg\u00fan el peri\u00f3dico digital <strong><a href=\"https:\/\/www.abc.es\/familia\/mayores\/abci-cada-cinco-personas-mayores-pasa-soledad-navidades-espana-202012300059_noticia.html\"  target=\"_blank\" rel=\"external nofollow\"  target=\"_blank\" rel=\"noreferrer noopener\"  class=\"wp-links-icon\">ABC<\/a><\/strong>, un <strong>estudio de ThyssenKrupp<\/strong> dice que \u201cuno de cada cinco ancianos pasa las Navidades completamente solo, ya sea porque no tiene relaci\u00f3n con sus familiares (32%), su familia se va de viaje (21%), sus allegados no viven en Espa\u00f1a (15%) o directamente porque no tienen un familiar directo (12%)\u201d.<\/p>\n\n\n\n<p>Por este motivo, hace poco publicamos un post sobre <a href=\"https:\/\/miresi.es\/blog\/prevencion-de-la-soledad-en-adultos-mayores\/\"  target=\"_blank\" rel=\"noreferrer noopener\"  target=\"_blank\" rel=\"noreferrer noopener\">10 consejos para la prevenci\u00f3n de la soledad en personas mayores<\/a>. Te recomendamos que lo leas y puedas ayudar a tu familiar o alguien cercano que sepas que se siente as\u00ed \u263a\ufe0f<\/p>\n\n\n\n<p>El objetivo de <strong><a href=\"https:\/\/miresi.es\"  target=\"_blank\" rel=\"noreferrer noopener\"  target=\"_blank\" rel=\"noreferrer noopener\">miResi<\/a><\/strong> cada a\u00f1o es que ning\u00fan abuelito se quede o se sienta solo, especialmente en Navidad.\u00a0<\/p>\n\n\n\n<p>Por eso, te animamos a pasar m\u00e1s tiempo con tu mayor. Esc\u00fachale, hazle compa\u00f1\u00eda y ofr\u00e9cele <strong>los mejores cuidados<\/strong>.<\/p>\n\n\n\n<div class=\"wp-block-image\"><figure class=\"aligncenter size-large\"><img decoding=\"async\" width=\"1024\" height=\"683\" src=\"https:\/\/miresi.es\/blog\/wp-content\/uploads\/2021\/12\/cropped-view-of-retired-couple-holding-hands-2021-08-30-01-45-18-utc-1024x683.jpg\" alt=\"Actividades de Navidad en residencias de mayores: segunda familia\" class=\"wp-image-7246\" title=\"Actividades de Navidad en residencias de mayores: segunda familia\" srcset=\"https:\/\/miresiblog.imgix.net\/uploads\/2021\/12\/cropped-view-of-retired-couple-holding-hands-2021-08-30-01-45-18-utc-scaled.jpg?auto=format%2Ccompress&fit=crop&h=683&ixlib=php-3.3.0&w=1024&s=422e5ae5130b7b1b419f1752d0829f84 1024w, https:\/\/miresiblog.imgix.net\/uploads\/2021\/12\/cropped-view-of-retired-couple-holding-hands-2021-08-30-01-45-18-utc-scaled.jpg?auto=format%2Ccompress&fit=crop&h=200&ixlib=php-3.3.0&w=300&s=f55a7f89a1eb98975754386b0a1c0e9f 300w, https:\/\/miresiblog.imgix.net\/uploads\/2021\/12\/cropped-view-of-retired-couple-holding-hands-2021-08-30-01-45-18-utc-scaled.jpg?auto=format%2Ccompress&fit=crop&h=513&ixlib=php-3.3.0&w=768&s=35963f6d7137ca2dd6e17f301afa3801 768w, https:\/\/miresiblog.imgix.net\/uploads\/2021\/12\/cropped-view-of-retired-couple-holding-hands-2021-08-30-01-45-18-utc-scaled.jpg?auto=format%2Ccompress&fit=crop&h=1025&ixlib=php-3.3.0&w=1536&s=fd0b6229b7c8b50262920f7e8bc9b776 1536w, https:\/\/miresiblog.imgix.net\/uploads\/2021\/12\/cropped-view-of-retired-couple-holding-hands-2021-08-30-01-45-18-utc-scaled.jpg?auto=format%2Ccompress&fit=crop&h=1367&ixlib=php-3.3.0&w=2048&s=e2bbd9b88cf310f0b1b7841a909ed9aa 2048w, https:\/\/miresiblog.imgix.net\/uploads\/2021\/12\/cropped-view-of-retired-couple-holding-hands-2021-08-30-01-45-18-utc-scaled.jpg?auto=format%2Ccompress&fit=crop&h=240&ixlib=php-3.3.0&w=360&s=d1bc0ca2b9d42c423657ef8d2c304254 360w, https:\/\/miresiblog.imgix.net\/uploads\/2021\/12\/cropped-view-of-retired-couple-holding-hands-2021-08-30-01-45-18-utc-scaled.jpg?auto=format%2Ccompress&ixlib=php-3.3.0&w=899&s=c589f80da9fe1f8c808b2dbee6571be6 899w\" sizes=\"(max-width: 1024px) 100vw, 1024px\" \/><figcaption>El apoyo y la compa\u00f1\u00eda son valores importantes para las personas mayores<\/figcaption><\/figure><\/div>\n\n\n\n<p>En cambio, si crees que necesitas un poquito de ayuda porque no puedes hacerte cargo t\u00fa solo, <strong>cont\u00e1ctanos<\/strong> sin ning\u00fan compromiso y te ayudamos a <a href=\"https:\/\/miresi.es\/buscador\/\"  rel=\"noreferrer noopener\"  rel=\"noreferrer noopener\">buscar la residencia<\/a> ideal para tu familiar. \u00a1Estamos seguros de que no se aburrir\u00e1!<\/p>\n\n\n\n<p>\u00bfPreparamos un plato m\u00e1s en la mesa de <strong>miResi<\/strong> para esta Navidad? \ud83d\udc9a<\/p>\n\n\n\n<div class=\"wp-block-buttons is-horizontal is-content-justification-center is-layout-flex wp-container-core-buttons-is-layout-499968f5 wp-block-buttons-is-layout-flex\">\n<div class=\"wp-block-button\"><a href=\"https:\/\/miresi.es\/buscador\/\"  rel=\"noreferrer noopener\"  rel=\"noreferrer noopener\">SOLICITAR AYUDA GRATUITA<\/a><\/div>\n<\/div>\n\n\n\n<p class=\"has-cyan-bluish-gray-color has-text-color\" style=\"font-size:10px\">Fuentes:<\/p>\n\n\n\n<ul class=\"has-cyan-bluish-gray-color has-text-color wp-block-list\" style=\"font-size:10px\"><li>65 Y M\u00e1s: <a href=\"https:\/\/www.65ymas.com\/salud\/preguntas\/quiero-saber-que-dulces-navidenos-mejores-mayores_10869_102.html\"  target=\"_blank\" rel=\"external nofollow\"   class=\"wp-links-icon\">https:\/\/www.65ymas.com\/salud\/preguntas\/quiero-saber-que-dulces-navidenos-mejores-mayores_10869_102.html<\/a><\/li><li>ABC Mayores: <a href=\"https:\/\/www.abc.es\/familia\/mayores\/abci-cada-cinco-personas-mayores-pasa-soledad-navidades-espana-202012300059_noticia.html\"  target=\"_blank\" rel=\"external nofollow\"   class=\"wp-links-icon\">https:\/\/www.abc.es\/familia\/mayores\/abci-cada-cinco-personas-mayores-pasa-soledad-navidades-espana-202012300059_noticia.html<\/a><\/li><li>P\u00e1gina Oficial de Turismo de la Ciudad de Madrid: <a href=\"https:\/\/www.esmadrid.com\/agenda\/navidad-madrid\/mercadillos-navidenos\"  target=\"_blank\" rel=\"external nofollow\"   class=\"wp-links-icon\">https:\/\/www.esmadrid.com\/agenda\/navidad-madrid\/mercadillos-navidenos<\/a><\/li><\/ul>\n\n\n\n<p><\/p>\n<div style='text-align:center' class='yasr-auto-insert-visitor'><!--Yasr Visitor Votes Shortcode--><div id='yasr_visitor_votes_a627309f69aa7' class='yasr-visitor-votes'><div class=\"yasr-custom-text-vv-before yasr-custom-text-vv-before-7198\">\u00a1Haz clic para puntuar esta entrada!<\/div><div id='yasr-vv-second-row-container-a627309f69aa7'\r\n                                        class='yasr-vv-second-row-container'><div id='yasr-visitor-votes-rater-a627309f69aa7'\r\n                                      class='yasr-rater-stars-vv'\r\n                                      data-rater-postid='7198'\r\n                                      data-rating='0'\r\n                                      data-rater-starsize='32'\r\n                                      data-rater-readonly='false'\r\n                                      data-rater-nonce='4d05b5a2cb'\r\n                                      data-issingular='false'\r\n                                    ><\/div><div class=\"yasr-vv-stats-text-container\" id=\"yasr-vv-stats-text-container-a627309f69aa7\"><svg xmlns=\"https:\/\/www.w3.org\/2000\/svg\" width=\"20\" height=\"20\"\r\n                                   class=\"yasr-dashicons-visitor-stats\"\r\n                                   data-postid=\"7198\"\r\n                                   id=\"yasr-stats-dashicon-a627309f69aa7\">\r\n                                   <path d=\"M18 18v-16h-4v16h4zM12 18v-11h-4v11h4zM6 18v-8h-4v8h4z\"><\/path>\r\n                               <\/svg><span id=\"yasr-vv-text-container-a627309f69aa7\" class=\"yasr-vv-text-container\"> (Votos: <span id=\"yasr-vv-votes-number-container-a627309f69aa7\">0<\/span>  Promedio: <span id=\"yasr-vv-average-container-a627309f69aa7\">0<\/span>)<\/span><\/div><div id='yasr-vv-loader-a627309f69aa7' class='yasr-vv-container-loader'><\/div><\/div><div id='yasr-vv-bottom-container-a627309f69aa7'\r\n                              class='yasr-vv-bottom-container'\r\n                              style='display:none'><\/div><\/div><!--End Yasr Visitor Votes Shortcode--><\/div>","protected":false},"excerpt":{"rendered":"<p>Se acercan fechas especiales y miResi quiere darte algunas ideas de actividades de Navidad en residencias de mayores para pasarlo en grande. \u00a1Desc\u00fabrelas!<\/p>\n","protected":false},"author":9,"featured_media":7241,"comment_status":"open","ping_status":"open","sticky":false,"template":"","format":"standard","meta":{"yasr_overall_rating":0,"yasr_post_is_review":"","yasr_auto_insert_disabled":"","yasr_review_type":"","footnotes":""},"categories":[251,362],"tags":[483,30,553,465,68,25],"class_list":["post-7198","post","type-post","status-publish","format-standard","has-post-thumbnail","hentry","category-residencias","category-residencias-de-mayores","tag-actividades-para-mayores-en-residencias","tag-envejecimiento-activo","tag-manualidades-tercera-edad","tag-navidad","tag-residencias-de-ancianos","tag-residencias-de-espana"],"yasr_visitor_votes":{"stars_attributes":{"read_only":false,"span_bottom":false},"number_of_votes":0,"sum_votes":0},"_links":{"self":[{"href":"https:\/\/miresi.es\/blog\/wp-json\/wp\/v2\/posts\/7198","targetHints":{"allow":["GET"]}}],"collection":[{"href":"https:\/\/miresi.es\/blog\/wp-json\/wp\/v2\/posts"}],"about":[{"href":"https:\/\/miresi.es\/blog\/wp-json\/wp\/v2\/types\/post"}],"author":[{"embeddable":true,"href":"https:\/\/miresi.es\/blog\/wp-json\/wp\/v2\/users\/9"}],"replies":[{"embeddable":true,"href":"https:\/\/miresi.es\/blog\/wp-json\/wp\/v2\/comments?post=7198"}],"version-history":[{"count":51,"href":"https:\/\/miresi.es\/blog\/wp-json\/wp\/v2\/posts\/7198\/revisions"}],"predecessor-version":[{"id":25021,"href":"https:\/\/miresi.es\/blog\/wp-json\/wp\/v2\/posts\/7198\/revisions\/25021"}],"wp:featuredmedia":[{"embeddable":true,"href":"https:\/\/miresi.es\/blog\/wp-json\/wp\/v2\/media\/7241"}],"wp:attachment":[{"href":"https:\/\/miresi.es\/blog\/wp-json\/wp\/v2\/media?parent=7198"}],"wp:term":[{"taxonomy":"category","embeddable":true,"href":"https:\/\/miresi.es\/blog\/wp-json\/wp\/v2\/categories?post=7198"},{"taxonomy":"post_tag","embeddable":true,"href":"https:\/\/miresi.es\/blog\/wp-json\/wp\/v2\/tags?post=7198"}],"curies":[{"name":"wp","href":"https:\/\/api.w.org\/{rel}","templated":true}]}}