{"id":7520,"date":"2021-12-22T11:54:09","date_gmt":"2021-12-22T10:54:09","guid":{"rendered":"https:\/\/miresi.es\/blog\/?p=7520"},"modified":"2026-04-23T18:18:24","modified_gmt":"2026-04-23T17:18:24","slug":"la-brecha-digital-las-personas-mayores-y-la-tecnologia","status":"publish","type":"post","link":"https:\/\/miresi.es\/blog\/la-brecha-digital-las-personas-mayores-y-la-tecnologia\/","title":{"rendered":"Brecha Digital: Personas Mayores y la Tecnolog\u00eda"},"content":{"rendered":"\n<p>Se conoce como <strong>brecha digital<\/strong> a la desigualdad en el acceso, conocimiento o uso de las <strong>tecnolog\u00edas de la informaci\u00f3n y las comunicaciones<\/strong> (TIC). Esta desigualdad puede deberse a factores econ\u00f3micos, sociales o culturales. Otro factor importante que puede provocar la llamada brecha digital es la edad.<\/p>\n\n\n\n<p>En <a href=\"https:\/\/miresi.es\/\"  target=\"_blank\" rel=\"noreferrer noopener\"  target=\"_blank\" rel=\"noreferrer noopener\"><strong>miResi<\/strong> <\/a>queremos hablar de c\u00f3mo afecta a las personas mayores esta brecha digital. Con una edad avanzada, los cambios resultan m\u00e1s dif\u00edciles de asimilar, y el cambio digital ha sido muy repentino para ellos. Las nuevas tecnolog\u00edas todav\u00eda se les resisten a algunos de nuestros mayores. Hoy vamos a repasar por qu\u00e9 pasa esto, qu\u00e9 tener en cuenta y c\u00f3mo ayudarles a que saquen el m\u00e1ximo partido a la tecnolog\u00eda.<\/p>\n\n\n\n<div class=\"wp-block-buttons is-horizontal is-content-justification-center is-layout-flex wp-container-core-buttons-is-layout-499968f5 wp-block-buttons-is-layout-flex\">\n<div class=\"wp-block-button\"><a href=\"https:\/\/miresi.es\/buscador\/\"  rel=\"noreferrer noopener\"  rel=\"noreferrer noopener\">encuentra tu residencia ideal<\/a><\/div>\n<\/div>\n\n\n\n<div style=\"height:10px\" aria-hidden=\"true\" class=\"wp-block-spacer\"><\/div>\n\n\n\n<h2 class=\"wp-block-heading\" id=\"1-la-brecha-digital-en-personas-mayores\">1. La brecha digital en personas mayores<\/h2>\n\n\n\n<p>Normalmente se hace uso del t\u00e9rmino \u201cbrecha digital\u201d cuando se habla de las diferencias en el acceso a la tecnolog\u00eda entre pa\u00edses en v\u00edas de desarrollo y pa\u00edses desarrollados. Incluso dentro del mismo pa\u00eds, se comenta c\u00f3mo la mayor facilidad para acceder a la tecnolog\u00eda est\u00e1 ligada a la capacidad de acceso a estudios superiores y al mercado laboral.<\/p>\n\n\n\n<figure class=\"wp-block-image size-large\"><img decoding=\"async\" width=\"1024\" height=\"684\" src=\"https:\/\/miresi.es\/blog\/wp-content\/uploads\/2021\/12\/grandfather-and-grandson-are-taking-selfie-2021-08-27-23-34-01-utc-1-1024x684.jpg\" alt=\"brecha digital abuelo nieta\" class=\"wp-image-7562\" srcset=\"https:\/\/miresiblog.imgix.net\/uploads\/2021\/12\/grandfather-and-grandson-are-taking-selfie-2021-08-27-23-34-01-utc-1-scaled.jpg?auto=format%2Ccompress&fit=crop&h=684&ixlib=php-3.3.0&w=1024&s=01894d558ef8463f4054749337d6c680 1024w, https:\/\/miresiblog.imgix.net\/uploads\/2021\/12\/grandfather-and-grandson-are-taking-selfie-2021-08-27-23-34-01-utc-1-scaled.jpg?auto=format%2Ccompress&fit=crop&h=200&ixlib=php-3.3.0&w=300&s=3b7d63fb841b54e73028c669dc42332f 300w, https:\/\/miresiblog.imgix.net\/uploads\/2021\/12\/grandfather-and-grandson-are-taking-selfie-2021-08-27-23-34-01-utc-1-scaled.jpg?auto=format%2Ccompress&fit=crop&h=513&ixlib=php-3.3.0&w=768&s=1d2b86dc94039a196b59e3c16e46acf6 768w, https:\/\/miresiblog.imgix.net\/uploads\/2021\/12\/grandfather-and-grandson-are-taking-selfie-2021-08-27-23-34-01-utc-1-scaled.jpg?auto=format%2Ccompress&fit=crop&h=1025&ixlib=php-3.3.0&w=1536&s=18469232f87442b64f8e6fec04923d65 1536w, https:\/\/miresiblog.imgix.net\/uploads\/2021\/12\/grandfather-and-grandson-are-taking-selfie-2021-08-27-23-34-01-utc-1-scaled.jpg?auto=format%2Ccompress&fit=crop&h=1367&ixlib=php-3.3.0&w=2048&s=6403235262acc0bea358454cbcd7c521 2048w, https:\/\/miresiblog.imgix.net\/uploads\/2021\/12\/grandfather-and-grandson-are-taking-selfie-2021-08-27-23-34-01-utc-1-scaled.jpg?auto=format%2Ccompress&fit=crop&h=240&ixlib=php-3.3.0&w=360&s=13fbbfce7238d06890f29cab4c4ec082 360w, https:\/\/miresiblog.imgix.net\/uploads\/2021\/12\/grandfather-and-grandson-are-taking-selfie-2021-08-27-23-34-01-utc-1-scaled.jpg?auto=format%2Ccompress&ixlib=php-3.3.0&w=899&s=94bbb822fa495a3257daa4c8af17e351 899w\" sizes=\"(max-width: 1024px) 100vw, 1024px\" \/><figcaption>La cercan\u00eda con los m\u00e1s j\u00f3venes es una forma ideal para vencer la brecha digital en personas mayores.<\/figcaption><\/figure>\n\n\n\n<p>Aunque la brecha digital es muy llamativa en diferentes \u00e1reas socioecon\u00f3micas, aqu\u00ed vamos a hablar de otro factor a tener en cuenta que nos toca m\u00e1s de cerca. <strong>\u00bfC\u00f3mo viven nuestros mayores el cambio tecnol\u00f3gico?<\/strong><\/p>\n\n\n\n<p>Casi todos hemos sido testigos de c\u00f3mo nuestros padres o abuelos han hecho esfuerzos por adaptarse a las nuevas tecnolog\u00edas. C\u00f3mo incorporan nuevos conceptos como \u201cguasap\u201d o c\u00f3mo pasaban de pedirnos ayuda para mandar un mail a navegar por la red con sorprendente destreza.<\/p>\n\n\n\n<p>Los \u00faltimos 20 a\u00f1os de avances tecnol\u00f3gicos han sido un gran cambio para todos, y m\u00e1s para los que prefieren que el mundo no gire tan deprisa que ya bastante tienen con lo que tienen. Y es que, con la edad, los cambios cada vez cuestan m\u00e1s. La <strong>neuroplasticidad<\/strong>, la capacidad de asimilar e integrar nueva informaci\u00f3n, se ve afectada por el envejecimiento. Numerosas fuentes m\u00e9dicas dan cuenta de este fen\u00f3meno, como el <a href=\"https:\/\/www.iibb.csic.es\/es\/research\/53\"  target=\"_blank\" rel=\"external nofollow\"  target=\"_blank\" rel=\"noreferrer noopener\"  class=\"wp-links-icon\">Instituto de Investigaciones Biom\u00e9dicas de Barcelona<\/a>.\u00a0<\/p>\n\n\n\n<div class=\"wp-block-buttons is-horizontal is-content-justification-center is-layout-flex wp-container-core-buttons-is-layout-499968f5 wp-block-buttons-is-layout-flex\">\n<div class=\"wp-block-button\"><a href=\"https:\/\/miresi.es\/buscador\/\"  rel=\"noreferrer noopener\"  rel=\"noreferrer noopener\">\u00bfNecesitas ayuda?<\/a><\/div>\n<\/div>\n\n\n\n<h2 class=\"wp-block-heading\" id=\"2-retos-de-la-brecha-digital-para-las-personas-mayores\">2. Retos tecnol\u00f3gicos para las personas mayores<\/h2>\n\n\n\n<p>La <strong>tecnolog\u00eda<\/strong> ha cambiado nuestras vidas, desde la forma que tenemos de comunicarnos hasta c\u00f3mo pasamos nuestro tiempo libre. Es importante que al surgir avances tecnol\u00f3gicos seamos capaces de incluir a todos en ellos, incluidas a las<strong> personas mayores<\/strong>.<\/p>\n\n\n\n<p>La comunicaci\u00f3n es uno de los \u00e1mbitos que m\u00e1s ha cambiado en los \u00faltimos a\u00f1os. Muchas personas mayores han pasado de no querer un tel\u00e9fono m\u00f3vil a ser asiduos a las videollamadas de familiares, algo que nos ha acercado a nuestras familias durante la pandemia. Pensando en facilitar el acceso de las personas mayores a la tecnolog\u00eda, redactamos un art\u00edculo sobre los <a href=\"https:\/\/miresi.es\/blog\/moviles-para-personas-mayores\/\"  target=\"_blank\" rel=\"noreferrer noopener\"  target=\"_blank\" rel=\"noreferrer noopener\">mejores m\u00f3viles para personas mayores<\/a>.<\/p>\n\n\n\n<p>Dentro del entretenimiento tambi\u00e9n intentamos que las mejoras implementadas repercutan en el bienestar de las personas mayores. Sabiendo de los beneficios que ofrece la lectura a las personas mayores y pensando en la facilidad y accesibilidad que aporta la tecnolog\u00eda, sacamos el art\u00edculo sobre los <a href=\"https:\/\/miresi.es\/blog\/audiolibros-para-personas-mayores\/\"  target=\"_blank\" rel=\"noreferrer noopener\"  target=\"_blank\" rel=\"noreferrer noopener\">audiolibros para personas mayores<\/a>.<\/p>\n\n\n\n<p>Pero todav\u00eda hay mucho trabajo por hacer. La brecha digital se abre cada vez m\u00e1s para las personas mayores en algunas \u00e1reas imprescindibles. Por ejemplo, el sector bancario ha apostado \u00faltimamente por la digitalizaci\u00f3n de sus servicios y el cierre de sucursales para ahorrar. La<strong> banca online<\/strong> ya es una realidad, y en muchos casos supone una dificultad a\u00f1adida para nuestras personas mayores.<\/p>\n\n\n\n<p>Cada vez es m\u00e1s dif\u00edcil encontrar cajeros autom\u00e1ticos o sucursales de ciertas entidades bancarias. Consultar los movimientos de la cuenta por internet o depender de una app impide o dificulta el acceso de nuestros mayores a su propio dinero.\u00a0<\/p>\n\n\n\n<p>Este tipo de medidas, que en un principio deber\u00edan facilitar la vida de todos, acaban perjudicando a otros. Sumado a los cambios constantes de un mundo que pensaban conocer, la brecha digital puede hacer que las personas mayores se sientan desubicadas y confusas, afectando a su bienestar y calidad de vida.<\/p>\n\n\n<div class=\"wp-block-image\">\n<figure class=\"aligncenter size-large\"><img decoding=\"async\" width=\"1024\" height=\"683\" src=\"https:\/\/miresi.es\/blog\/wp-content\/uploads\/2021\/12\/grandfather-and-granddaughter-at-home-in-the-livin-2021-08-28-16-52-05-utc-1-1024x683.jpg\" alt=\"brecha digital oportunidad\" class=\"wp-image-7563\" srcset=\"https:\/\/miresiblog.imgix.net\/uploads\/2021\/12\/grandfather-and-granddaughter-at-home-in-the-livin-2021-08-28-16-52-05-utc-1-scaled.jpg?auto=format%2Ccompress&fit=crop&h=683&ixlib=php-3.3.0&w=1024&s=0cd639675b577b0f3cbfc3e0051f59ac 1024w, https:\/\/miresiblog.imgix.net\/uploads\/2021\/12\/grandfather-and-granddaughter-at-home-in-the-livin-2021-08-28-16-52-05-utc-1-scaled.jpg?auto=format%2Ccompress&fit=crop&h=200&ixlib=php-3.3.0&w=300&s=446814c799b304ba3e47fb5f851925a9 300w, https:\/\/miresiblog.imgix.net\/uploads\/2021\/12\/grandfather-and-granddaughter-at-home-in-the-livin-2021-08-28-16-52-05-utc-1-scaled.jpg?auto=format%2Ccompress&fit=crop&h=512&ixlib=php-3.3.0&w=768&s=e39803c353f24ce976b65f8167a42c9a 768w, https:\/\/miresiblog.imgix.net\/uploads\/2021\/12\/grandfather-and-granddaughter-at-home-in-the-livin-2021-08-28-16-52-05-utc-1-scaled.jpg?auto=format%2Ccompress&fit=crop&h=1024&ixlib=php-3.3.0&w=1536&s=38d229da8733a52883948f146ff0a78c 1536w, https:\/\/miresiblog.imgix.net\/uploads\/2021\/12\/grandfather-and-granddaughter-at-home-in-the-livin-2021-08-28-16-52-05-utc-1-scaled.jpg?auto=format%2Ccompress&fit=crop&h=1365&ixlib=php-3.3.0&w=2048&s=9d2e3302973f98bdfd9682f5127b874b 2048w, https:\/\/miresiblog.imgix.net\/uploads\/2021\/12\/grandfather-and-granddaughter-at-home-in-the-livin-2021-08-28-16-52-05-utc-1-scaled.jpg?auto=format%2Ccompress&fit=crop&h=240&ixlib=php-3.3.0&w=360&s=723c3c472d8a005a1ae48a35768465fb 360w, https:\/\/miresiblog.imgix.net\/uploads\/2021\/12\/grandfather-and-granddaughter-at-home-in-the-livin-2021-08-28-16-52-05-utc-1-scaled.jpg?auto=format%2Ccompress&ixlib=php-3.3.0&w=900&s=977a5d7d559606a54671e7b4ed2e8a7f 900w\" sizes=\"(max-width: 1024px) 100vw, 1024px\" \/><figcaption>Descubrir las nuevas tecnolog\u00edas presenta una nueva oportunidad de acercarte a tus seres queridos.<\/figcaption><\/figure>\n<\/div>\n\n\n<h2 class=\"wp-block-heading\" id=\"3-como-superar-la-brecha-digital\">3. \u00bfC\u00f3mo superar la brecha digital?<\/h2>\n\n\n\n<p>La brecha digital puede superarse<strong> acercando la tecnolog\u00eda<\/strong> a las personas mayores. Existen iniciativas sociales, cursos de formaci\u00f3n y campa\u00f1as centradas en que la tercera edad tambi\u00e9n se incorpore a las nuevas tecnolog\u00edas.\u00a0<\/p>\n\n\n\n<p>La mejor forma de acercar la tecnolog\u00eda a las personas mayores es que venga de la mano de alguien de confianza. Con <strong>cari\u00f1o<\/strong> y <strong>paciencia<\/strong>, explicarles c\u00f3mo funciona una aplicaci\u00f3n o dispositivo. Estar preparados para que hagan muchas preguntas y tener respuestas para todas ellas. Apuntar en una nota de papel los pasos a seguir para usar el m\u00f3vil o el ordenador, sus contrase\u00f1as o cualquier informaci\u00f3n de ayuda les vendr\u00e1 bien para ser autosuficientes cuando no estemos con ellos.<\/p>\n\n\n\n<p>Adem\u00e1s, el <strong>aprendizaje<\/strong> es una habilidad que les har\u00e1 sentirse m\u00e1s seguros, competentes y orgullosos de su proceso. Los retos siempre abren la puerta a posibles oportunidades y la brecha digital no es menos. Podemos acercar la tecnolog\u00eda a nuestros mayores y crecer juntos, formando una sociedad m\u00e1s <strong>igualitaria<\/strong> e <strong>inclusiva<\/strong>.<\/p>\n\n\n\n<p>La tecnolog\u00eda deber\u00eda estar al alcance de todos. Las personas mayores nos han dado tanto que ahora nos toca devolverles el esfuerzo. Con cari\u00f1o, paciencia y atenci\u00f3n al detalle, es posible que nuestros mayores disfruten de la tecnolog\u00eda.<\/p>\n\n\n\n<h2 class=\"wp-block-heading\">4. \u00bfQu\u00e9 hacemos en miResi?<\/h2>\n\n\n\n<p>Es por eso que pretendemos dar la vuelta a la situaci\u00f3n, permitir que la tecnolog\u00eda nos acerque m\u00e1s a las personas mayores en lugar de separarnos. En <strong>miResi<\/strong> apostamos por el bienestar y los cuidados de las personas mayores. Ofrecemos nuestros servicios acercando un poquito m\u00e1s el mundo digital a las personas mayores y poniendo la tecnolog\u00eda a su servicio.<\/p>\n\n\n\n<p>Contamos con una <a href=\"https:\/\/miresi.es\/buscador\/\"  rel=\"noreferrer noopener\"  rel=\"noreferrer noopener\">amplia red de residencias<\/a> con la mejor calidad para que tu persona mayor se sienta como en casa. Adem\u00e1s, disponemos de un equipo humano profesional y cercano capaz de ayudarte a tomar la mejor decisi\u00f3n. En los momentos dif\u00edciles, queremos estar a tu lado.<\/p>\n\n\n\n<p>Si t\u00fa o tu persona mayor necesita de cuidados especiales, un cuidador, centro de d\u00eda o busc\u00e1is residencias de ancianos, no dudes en contactar con nosotros. Estamos encantados de ofrecerte la ayuda que necesites.<\/p>\n\n\n\n<p>\ud83d\udc9a \u00a1Bienvenido a miResi! \ud83d\udc9a<\/p>\n\n\n\n<div class=\"wp-block-buttons is-horizontal is-content-justification-center is-layout-flex wp-container-core-buttons-is-layout-499968f5 wp-block-buttons-is-layout-flex\">\n<div class=\"wp-block-button\"><a href=\"https:\/\/miresi.es\/buscador\/\"  rel=\"noreferrer noopener\"  rel=\"noreferrer noopener\">recibe atenci\u00f3n personalizada y gratuita<\/a><\/div>\n<\/div>\n\n\n\n<p class=\"has-cyan-bluish-gray-color has-text-color\" style=\"font-size:10px\">Fuentes<\/p>\n\n\n\n<p class=\"has-cyan-bluish-gray-color has-text-color\" style=\"font-size:10px\">Instituto de Investigaciones Biom\u00e9dicas de Barcelona: https:\/\/www.iibb.csic.es\/es\/research\/53<\/p>\n<div style='text-align:center' class='yasr-auto-insert-visitor'><!--Yasr Visitor Votes Shortcode--><div id='yasr_visitor_votes_f3934196f848e' class='yasr-visitor-votes'><div class=\"yasr-custom-text-vv-before yasr-custom-text-vv-before-7520\">\u00a1Haz clic para puntuar esta entrada!<\/div><div id='yasr-vv-second-row-container-f3934196f848e'\r\n                                        class='yasr-vv-second-row-container'><div id='yasr-visitor-votes-rater-f3934196f848e'\r\n                                      class='yasr-rater-stars-vv'\r\n                                      data-rater-postid='7520'\r\n                                      data-rating='0'\r\n                                      data-rater-starsize='32'\r\n                                      data-rater-readonly='false'\r\n                                      data-rater-nonce='8fd90f1bfe'\r\n                                      data-issingular='false'\r\n                                    ><\/div><div class=\"yasr-vv-stats-text-container\" id=\"yasr-vv-stats-text-container-f3934196f848e\"><svg xmlns=\"https:\/\/www.w3.org\/2000\/svg\" width=\"20\" height=\"20\"\r\n                                   class=\"yasr-dashicons-visitor-stats\"\r\n                                   data-postid=\"7520\"\r\n                                   id=\"yasr-stats-dashicon-f3934196f848e\">\r\n                                   <path d=\"M18 18v-16h-4v16h4zM12 18v-11h-4v11h4zM6 18v-8h-4v8h4z\"><\/path>\r\n                               <\/svg><span id=\"yasr-vv-text-container-f3934196f848e\" class=\"yasr-vv-text-container\"> (Votos: <span id=\"yasr-vv-votes-number-container-f3934196f848e\">0<\/span>  Promedio: <span id=\"yasr-vv-average-container-f3934196f848e\">0<\/span>)<\/span><\/div><div id='yasr-vv-loader-f3934196f848e' class='yasr-vv-container-loader'><\/div><\/div><div id='yasr-vv-bottom-container-f3934196f848e'\r\n                              class='yasr-vv-bottom-container'\r\n                              style='display:none'><\/div><\/div><!--End Yasr Visitor Votes Shortcode--><\/div>","protected":false},"excerpt":{"rendered":"<p>Se conoce como brecha digital a la desigualdad en el acceso, conocimiento o uso de la tecnolog\u00eda. \u00bfC\u00f3mo afecta esto a las personas mayores?<\/p>\n","protected":false},"author":6,"featured_media":7561,"comment_status":"open","ping_status":"open","sticky":false,"template":"","format":"standard","meta":{"yasr_overall_rating":0,"yasr_post_is_review":"","yasr_auto_insert_disabled":"","yasr_review_type":"","footnotes":""},"categories":[391],"tags":[297,77,352,354],"class_list":["post-7520","post","type-post","status-publish","format-standard","has-post-thumbnail","hentry","category-tecnologia","tag-ayuda-a-mayores","tag-cuidado-de-personas-mayores","tag-tecnologia-para-mayores","tag-tecnologia-y-mayores"],"yasr_visitor_votes":{"stars_attributes":{"read_only":false,"span_bottom":false},"number_of_votes":0,"sum_votes":0},"_links":{"self":[{"href":"https:\/\/miresi.es\/blog\/wp-json\/wp\/v2\/posts\/7520","targetHints":{"allow":["GET"]}}],"collection":[{"href":"https:\/\/miresi.es\/blog\/wp-json\/wp\/v2\/posts"}],"about":[{"href":"https:\/\/miresi.es\/blog\/wp-json\/wp\/v2\/types\/post"}],"author":[{"embeddable":true,"href":"https:\/\/miresi.es\/blog\/wp-json\/wp\/v2\/users\/6"}],"replies":[{"embeddable":true,"href":"https:\/\/miresi.es\/blog\/wp-json\/wp\/v2\/comments?post=7520"}],"version-history":[{"count":13,"href":"https:\/\/miresi.es\/blog\/wp-json\/wp\/v2\/posts\/7520\/revisions"}],"predecessor-version":[{"id":25013,"href":"https:\/\/miresi.es\/blog\/wp-json\/wp\/v2\/posts\/7520\/revisions\/25013"}],"wp:featuredmedia":[{"embeddable":true,"href":"https:\/\/miresi.es\/blog\/wp-json\/wp\/v2\/media\/7561"}],"wp:attachment":[{"href":"https:\/\/miresi.es\/blog\/wp-json\/wp\/v2\/media?parent=7520"}],"wp:term":[{"taxonomy":"category","embeddable":true,"href":"https:\/\/miresi.es\/blog\/wp-json\/wp\/v2\/categories?post=7520"},{"taxonomy":"post_tag","embeddable":true,"href":"https:\/\/miresi.es\/blog\/wp-json\/wp\/v2\/tags?post=7520"}],"curies":[{"name":"wp","href":"https:\/\/api.w.org\/{rel}","templated":true}]}}