{"id":8377,"date":"2022-01-12T20:07:54","date_gmt":"2022-01-12T19:07:54","guid":{"rendered":"https:\/\/miresi.es\/blog\/?p=8377"},"modified":"2026-04-23T18:17:33","modified_gmt":"2026-04-23T17:17:33","slug":"residencias-de-ancianos-por-800-euros-en-girona","status":"publish","type":"post","link":"https:\/\/miresi.es\/blog\/residencias-de-ancianos-por-800-euros-en-girona\/","title":{"rendered":"Residencias de Ancianos por 800 Euros en Girona"},"content":{"rendered":"\n<p>Si a\u00fan sigues en la <a href=\"https:\/\/miresi.es\/buscador\/\"  rel=\"noreferrer noopener\" title=\"b\u00fasqueda de la residencia ideal\"  rel=\"noreferrer noopener\" title=\"b\u00fasqueda de la residencia ideal\">b\u00fasqueda de la residencia ideal<\/a> para tu mayor\u2026 No desesperes, hoy en miResi te hablamos sobre dos <strong>residencias de ancianos por 800 euros en Girona<\/strong> que estamos seguros de que te van a encantar.<\/p>\n\n\n\n<div class=\"wp-block-buttons is-content-justification-center is-layout-flex wp-container-core-buttons-is-layout-16018d1d wp-block-buttons-is-layout-flex\">\n<div class=\"wp-block-button\"><a href=\"https:\/\/miresi.es\/buscador\/\"  rel=\"noreferrer noopener\"  rel=\"noreferrer noopener\">encontrar los mejores cuidados<\/a><\/div>\n<\/div>\n\n\n\n<div style=\"height:10px\" aria-hidden=\"true\" class=\"wp-block-spacer\"><\/div>\n\n\n\n<h2 class=\"wp-block-heading\" id=\"1-las-residencias-de-ancianos-por-800-euros-en-girona-de-miresi\">1. Las residencias de ancianos por 800 euros en Girona de miResi<\/h2>\n\n\n\n<p>El <strong>Centro Residencial Torreblanca<\/strong> y la<strong> Residencia La Vila Gran<\/strong> son dos <a href=\"https:\/\/miresi.es\/buscador\/\"  rel=\"noreferrer noopener\" title=\"residencias que forman parte de nuestra red\"  rel=\"noreferrer noopener\" title=\"residencias que forman parte de nuestra red\">residencias que forman parte de nuestra red<\/a> y que est\u00e1n muy bien valoradas por las familias. Se puede decir que estamos ante dos de los mejores centros de mayores en Catalu\u00f1a.<\/p>\n\n\n\n<p>\u00bfA qu\u00e9 est\u00e1s esperando para comprobarlo?<\/p>\n\n\n\n<h3 class=\"wp-block-heading\" id=\"1-1-centro-residencial-torreblanca\">1.1. <strong><a href=\"https:\/\/miresi.es\/girona\/sant-joan-les-fonts\/centro-residencial-torreblanca\/\"  target=\"_blank\" rel=\"noreferrer noopener\" title=\"Centro Residencial Torreblanca\"  target=\"_blank\" rel=\"noreferrer noopener\" title=\"Centro Residencial Torreblanca\">Centro Residencial Torreblanca<\/a><\/strong><\/h3>\n\n\n\n<p>El Centro Residencial Torreblanca est\u00e1 situado en el municipio de <a href=\"http:\/\/www.santjoanlesfonts.cat\"  target=\"_blank\" rel=\"external nofollow\"  target=\"_blank\" rel=\"noreferrer noopener nofollow\" title=\"Sant Joan les Fonts\"  class=\"wp-links-icon\">Sant Joan les Fonts<\/a>, en la comarca de la Garrocha. El edificio se encuentra ubicado en un barrio residencial y tranquilo, rodeado de un entorno agr\u00edcola y rural de gran inter\u00e9s natural.<\/p>\n\n\n\n<p>Este centro pertenece al <strong>Grupo Suara Cooperativa<\/strong>, un equipo ejemplar de profesionales orientados a lograr el m\u00e1ximo bienestar de los mayores.<\/p>\n\n\n\n<p>La forma de trabajar del equipo multidisciplinar de Torreblanca, asegura un buen acompa\u00f1amiento tanto a la persona residente como a la familia en esta decisi\u00f3n tan importante que suele generar dudas. Por ello, tienen en cuenta todas las peque\u00f1as particularidades de cada persona.<\/p>\n\n\n\n<h4 class=\"wp-block-heading\" id=\"1-1-1-valores\">1.1.1. Valores<\/h4>\n\n\n\n<p>El Centro Residencial Torreblanca apuesta en todo momento porque el residente sea lo m\u00e1s <strong>aut\u00f3nomo<\/strong> posible, disfrutando de su independencia dentro de las posibilidades. Asimismo, la atenci\u00f3n es continua e individual.<\/p>\n\n\n\n<p>Adem\u00e1s, la <strong>integralidad y la inclusi\u00f3n social<\/strong> de cada uno de los mayores que viven en la residencia es esencial para este centro. Al fin y al cabo, son una familia y nadie debe quedarse aislado, por lo que fomentan en gran medida la participaci\u00f3n en actividades sociales.<\/p>\n\n\n\n<h4 class=\"wp-block-heading\" id=\"1-1-2-instalaciones\">1.1.2. <strong>Instalaciones<\/strong><\/h4>\n\n\n\n<p>A lo largo de los a\u00f1os, el centro ha vivido una gran transformaci\u00f3n con el fin de ampliar y acondicionar sus espacios, mejorando las instalaciones y dot\u00e1ndolo de <strong>mayores<\/strong> <strong>equipamientos y recursos<\/strong> para dar un gran confort a las personas que viven en \u00e9l.<\/p>\n\n\n\n<p>El centro dispone de <strong>amplios espacios interiores<\/strong>, as\u00ed como habitaciones grandes caracterizadas por una gran luminosidad. Veamos cu\u00e1les son algunos de ellos:<\/p>\n\n\n\n<ul class=\"wp-block-list\">\n<li>Gimnasio<\/li>\n\n\n\n<li>\u00c1rea privada de visitas (sal\u00f3n, comedor)<\/li>\n<\/ul>\n\n\n<div class=\"wp-block-image\">\n<figure class=\"aligncenter size-large\"><img decoding=\"async\" width=\"1024\" height=\"683\" src=\"https:\/\/miresi.es\/blog\/wp-content\/uploads\/2022\/01\/Centro_Residencial_Torreblanca_Mayores_2-1024x683.jpg\" alt=\"Residencias de ancianos por 800 euros en Girona: Centro Residencial Torreblanca\" class=\"wp-image-8391\" title=\"Residencias de ancianos por 800 euros en Girona: Centro Residencial Torreblanca\" srcset=\"https:\/\/miresiblog.imgix.net\/uploads\/2022\/01\/Centro_Residencial_Torreblanca_Mayores_2-scaled.jpg?auto=format%2Ccompress&fit=crop&h=683&ixlib=php-3.3.0&w=1024&s=6e0c38d7327e584a6a0a2b5e411fed2a 1024w, https:\/\/miresiblog.imgix.net\/uploads\/2022\/01\/Centro_Residencial_Torreblanca_Mayores_2-scaled.jpg?auto=format%2Ccompress&fit=crop&h=200&ixlib=php-3.3.0&w=300&s=46bc6b3ddfc8cc894b2bf5b0eb4e491c 300w, https:\/\/miresiblog.imgix.net\/uploads\/2022\/01\/Centro_Residencial_Torreblanca_Mayores_2-scaled.jpg?auto=format%2Ccompress&fit=crop&h=512&ixlib=php-3.3.0&w=768&s=5f35ac11fb767a1052be60ab27cf7a92 768w, https:\/\/miresiblog.imgix.net\/uploads\/2022\/01\/Centro_Residencial_Torreblanca_Mayores_2-scaled.jpg?auto=format%2Ccompress&fit=crop&h=1024&ixlib=php-3.3.0&w=1536&s=c8211efbedf4719c70a9778f772cdf49 1536w, https:\/\/miresiblog.imgix.net\/uploads\/2022\/01\/Centro_Residencial_Torreblanca_Mayores_2-scaled.jpg?auto=format%2Ccompress&fit=crop&h=1365&ixlib=php-3.3.0&w=2048&s=506587932aa19d3c4f378ced9ddecc21 2048w, https:\/\/miresiblog.imgix.net\/uploads\/2022\/01\/Centro_Residencial_Torreblanca_Mayores_2-scaled.jpg?auto=format%2Ccompress&fit=crop&h=240&ixlib=php-3.3.0&w=360&s=e127c556386acd471048802f6de28b42 360w, https:\/\/miresiblog.imgix.net\/uploads\/2022\/01\/Centro_Residencial_Torreblanca_Mayores_2-scaled.jpg?auto=format%2Ccompress&ixlib=php-3.3.0&w=900&s=2afcb07f6f91d065493577c1fb40049b 900w\" sizes=\"(max-width: 1024px) 100vw, 1024px\" \/><figcaption class=\"wp-element-caption\">Un espacio para compartir con la familia, emocionarnos y recordar<\/figcaption><\/figure>\n<\/div>\n\n\n<ul class=\"wp-block-list\">\n<li>Biblioteca<\/li>\n\n\n\n<li>Lavander\u00eda<\/li>\n\n\n\n<li>Peluquer\u00eda<\/li>\n\n\n\n<li>Terraza<\/li>\n\n\n\n<li>Cafeter\u00eda<\/li>\n\n\n\n<li>Huerto<\/li>\n\n\n\n<li>Jard\u00edn<\/li>\n<\/ul>\n\n\n\n<p>Uno de los puntos mejor valorados por nuestros usuarios es el <strong>jard\u00edn<\/strong>, de gran tama\u00f1o que se encuentra rodeando el edificio. Desde el jard\u00edn se pueden apreciar tanto las vistas al pueblo de Sant Joan les Fonts, como las monta\u00f1as que rodean a la residencia.<\/p>\n\n\n\n<h4 class=\"wp-block-heading\" id=\"1-1-3-servicios\">1.1.3. <strong>Servicios<\/strong><\/h4>\n\n\n\n<p>En Centro Residencial Torreblanca se realiza una <strong>consulta diaria con el m\u00e9dico<\/strong> del centro para revisar el estado de salud de cada paciente (ya sea online todos los d\u00edas o presencial los lunes y los jueves).<\/p>\n\n\n\n<p>Cabe destacar que en caso de <strong>emergencia<\/strong>, la disponibilidad del m\u00e9dico es las 24 horas del d\u00eda.<\/p>\n\n\n\n<p>Asimismo, las 2 enfermeras que est\u00e1n en plantilla asisten a los residentes con una<strong> cobertura de 24 horas<\/strong> al igual que los 20 auxiliares de enfermer\u00eda que se encargan de controlar y administrar la medicaci\u00f3n diaria a cada uno de los pacientes.<\/p>\n\n\n\n<p>Adem\u00e1s, este centro ofrece otros servicios con el apoyo de un<strong> trabajador social <\/strong>que ayuda en la situaci\u00f3n de cada residente, buscando soluciones en todo momento para lograr su bienestar.<\/p>\n\n\n\n<p>En caso de que emocionalmente el mayor lo estuviese pasando mal, cuentan con un <strong>psic\u00f3logo<\/strong> que pasa consulta de forma peri\u00f3dica todas las semanas.<\/p>\n\n\n\n<p>Por \u00faltimo, ofrecen un <strong>servicio de <a href=\"https:\/\/miresi.es\/blog\/fisioterapia-en-residencias\/\"  target=\"_blank\" rel=\"noreferrer noopener\" title=\"fisioterapia\"  target=\"_blank\" rel=\"noreferrer noopener\" title=\"fisioterapia\">fisioterapia<\/a> de calidad<\/strong>: sesiones diarias enfocadas a conseguir los objetivos seg\u00fan el plan de rehabilitaci\u00f3n fisioterap\u00e9utica individualizado que se le hace a cada paciente en la primera sesi\u00f3n, adem\u00e1s de las 25 horas semanales de fisioterapia grupal con los dem\u00e1s convivientes.<\/p>\n\n\n\n<p>Todo esto sin contar la profesionalidad como <strong>centro<\/strong> <strong>de rehabilitaci\u00f3n de cadera y de la enfermedad del Parkinson<\/strong>, trabajando en ellas con una periodicidad semanal. De esta forma, se puede ver un progreso m\u00e1s r\u00e1pido en los pacientes.<\/p>\n\n\n\n<h4 class=\"wp-block-heading\" id=\"1-1-4-como-en-casa\">1.1.4. <strong>Como en casa\u2026<\/strong><\/h4>\n\n\n\n<p>Uno de los objetivos que tiene este centro es hacer sentir a sus residentes <strong>como si estuvieran en casa<\/strong>.<\/p>\n\n\n\n<p>El motivo es que muchos de ellos sufren el<a href=\"https:\/\/miresi.es\/blog\/protocolo-de-ingreso-en-residencia-de-mayores\/\"  target=\"_blank\" rel=\"noreferrer noopener\" title=\" ingreso en una residencia\"  target=\"_blank\" rel=\"noreferrer noopener\" title=\" ingreso en una residencia\"> ingreso en una residencia<\/a> como un proceso de duelo, una separaci\u00f3n de su vida y de sus familias. Y esto no deber\u00eda ser as\u00ed. La residencia est\u00e1 ah\u00ed para proporcionar una mayor calidad de vida al mayor, pero no para limitar su vida o hacerla menos feliz.<\/p>\n\n\n\n<p>Por ello, una de las iniciativas que tiene Centro Residencial Torreblanca es <strong>estrechar la relaci\u00f3n con cada familia<\/strong> para que el v\u00ednculo sea m\u00e1s fuerte si cabe.<\/p>\n\n\n<div class=\"wp-block-image\">\n<figure class=\"aligncenter size-large\"><img decoding=\"async\" width=\"1024\" height=\"683\" src=\"https:\/\/miresi.es\/blog\/wp-content\/uploads\/2022\/01\/Centro_Residencial_Torreblanca_Mayores_1-1024x683.jpg\" alt=\"Residencias de ancianos por 800 euros en Girona: Centro Residencial Torreblanca\" class=\"wp-image-8389\" title=\"Residencias de ancianos por 800 euros en Girona: Centro Residencial Torreblanca\" srcset=\"https:\/\/miresiblog.imgix.net\/uploads\/2022\/01\/Centro_Residencial_Torreblanca_Mayores_1-scaled.jpg?auto=format%2Ccompress&fit=crop&h=683&ixlib=php-3.3.0&w=1024&s=f8519962fdbf0342714cf66b719819ef 1024w, https:\/\/miresiblog.imgix.net\/uploads\/2022\/01\/Centro_Residencial_Torreblanca_Mayores_1-scaled.jpg?auto=format%2Ccompress&fit=crop&h=200&ixlib=php-3.3.0&w=300&s=a579e25b3eb611ed4714b6d25f84b577 300w, https:\/\/miresiblog.imgix.net\/uploads\/2022\/01\/Centro_Residencial_Torreblanca_Mayores_1-scaled.jpg?auto=format%2Ccompress&fit=crop&h=512&ixlib=php-3.3.0&w=768&s=792504dc688c0ae9602e84917c49b90b 768w, https:\/\/miresiblog.imgix.net\/uploads\/2022\/01\/Centro_Residencial_Torreblanca_Mayores_1-scaled.jpg?auto=format%2Ccompress&fit=crop&h=1024&ixlib=php-3.3.0&w=1536&s=b5cf7e16324c1c45f54839041883e84e 1536w, https:\/\/miresiblog.imgix.net\/uploads\/2022\/01\/Centro_Residencial_Torreblanca_Mayores_1-scaled.jpg?auto=format%2Ccompress&fit=crop&h=1365&ixlib=php-3.3.0&w=2048&s=f67adee05c6ad78103c71b0ae7cfde89 2048w, https:\/\/miresiblog.imgix.net\/uploads\/2022\/01\/Centro_Residencial_Torreblanca_Mayores_1-scaled.jpg?auto=format%2Ccompress&fit=crop&h=240&ixlib=php-3.3.0&w=360&s=77b9b55161059eec7f4a3ec62569ba90 360w, https:\/\/miresiblog.imgix.net\/uploads\/2022\/01\/Centro_Residencial_Torreblanca_Mayores_1-scaled.jpg?auto=format%2Ccompress&ixlib=php-3.3.0&w=900&s=bff7303922af69cd010dee2b55961aff 900w\" sizes=\"(max-width: 1024px) 100vw, 1024px\" \/><figcaption class=\"wp-element-caption\">El tiempo en familia es un pilar fundamental para los residentes<\/figcaption><\/figure>\n<\/div>\n\n\n<p>Lo hacen a trav\u00e9s del dise\u00f1o de <strong>actividades y excursiones<\/strong> en las que invitan a los familiares a pasar el d\u00eda y divertirse con sus mayores, mediante visitas de los mismos a la residencia para disfrutar de un rato charlando o incluso, compartiendo un delicioso almuerzo hecho por el equipo de cocina del centro o por ellos mismos si as\u00ed lo desean.<\/p>\n\n\n\n<p>Por cierto, existen <strong>dietas especiales adaptadas<\/strong> a cada uno de los residentes, ya que muchos de ellos presentan <a href=\"https:\/\/miresi.es\/blog\/como-tratar-la-diabetes-en-personas-mayores\/\"  target=\"_blank\" rel=\"noreferrer noopener\" title=\"diabetes\"  target=\"_blank\" rel=\"noreferrer noopener\" title=\"diabetes\">diabetes<\/a> o hipotensi\u00f3n, entre otros.<\/p>\n\n\n\n<h4 class=\"wp-block-heading\" id=\"1-1-5-disponibilidad\">1.1.5. <strong>Disponibilidad<\/strong><\/h4>\n\n\n\n<p>El Centro Residencial Torreblanca cuenta con un <strong>n\u00famero m\u00e1ximo de 63 camas<\/strong> en total, de las cuales solo 10 est\u00e1n libres ahora mismo. \u00a1Date prisa!<\/p>\n\n\n\n<div class=\"wp-block-buttons is-horizontal is-content-justification-center is-layout-flex wp-container-core-buttons-is-layout-499968f5 wp-block-buttons-is-layout-flex\">\n<div class=\"wp-block-button\"><a href=\"https:\/\/miresi.es\/girona\/sant-joan-les-fonts\/centro-residencial-torreblanca\/\"  target=\"_blank\" rel=\"noreferrer noopener\"  target=\"_blank\" rel=\"noreferrer noopener\">Reservar cama en Centro Residencial Torreblanca<\/a><\/div>\n<\/div>\n\n\n\n<p>Adem\u00e1s, tambi\u00e9n funciona como <strong><a href=\"https:\/\/miresi.es\/blog\/que-es-un-centro-de-dia\/\"  target=\"_blank\" rel=\"noreferrer noopener\" title=\"centro de d\u00eda\"  target=\"_blank\" rel=\"noreferrer noopener\" title=\"centro de d\u00eda\">centro de d\u00eda<\/a><\/strong> para que el mayor pueda tener una rutina y un desarrollo social y cerebral \u00f3ptimo compartiendo actividades y momentos con otras personas de su edad. Sin embargo, vuelve a su casa para dormir.<\/p>\n\n\n\n<p>El <strong>n\u00famero m\u00e1ximo de plazas es 24<\/strong>. <a href=\"https:\/\/miresi.es\/contacto\/\"  target=\"_blank\" rel=\"noreferrer noopener\" title=\"Contacta\"  target=\"_blank\" rel=\"noreferrer noopener\" title=\"Contacta\">Contacta<\/a> con nosotros para saber las plazas disponibles como centro de d\u00eda que hay ahora.<\/p>\n\n\n\n<div class=\"wp-block-buttons is-horizontal is-content-justification-center is-layout-flex wp-container-core-buttons-is-layout-499968f5 wp-block-buttons-is-layout-flex\">\n<div class=\"wp-block-button\"><a href=\"https:\/\/miresi.es\/buscador\/\"  rel=\"noreferrer noopener\"  rel=\"noreferrer noopener\">Buscar los mejores cuidados para mi mayor<\/a><\/div>\n<\/div>\n\n\n\n<p>En cuanto al precio de las camas, es importante informar que est\u00e1 <strong>un poco por encima de los 800 euros<\/strong>. Esto se debe a que estamos ante un centro de calidad, con una asistencia completa y una comodidad excelente en las habitaciones (los ba\u00f1os est\u00e1n adaptados para garantizar la autonom\u00eda y la seguridad del residente).<\/p>\n\n\n\n<h4 class=\"wp-block-heading\" id=\"1-1-6-atencion-centrada-en-la-persona\">1.1.6. <strong>Atenci\u00f3n centrada en la persona<\/strong><\/h4>\n\n\n\n<p>Desde julio de 2019, el centro residencial Torreblanca ha abierto un <strong>nuevo espacio que ofrece una atenci\u00f3n m\u00e1s individualizada<\/strong> para las personas que viven en \u00e9l.<\/p>\n\n\n<div class=\"wp-block-image\">\n<figure class=\"aligncenter size-large\"><img decoding=\"async\" width=\"1024\" height=\"683\" src=\"https:\/\/miresi.es\/blog\/wp-content\/uploads\/2022\/01\/Centro_Residencial_Torreblanca_Petanca-1024x683.jpg\" alt=\"Residencias de ancianos por 800 euros en Girona: Centro Residencial Torreblanca\" class=\"wp-image-8385\" title=\"Residencias de ancianos por 800 euros en Girona: Centro Residencial Torreblanca\" srcset=\"https:\/\/miresiblog.imgix.net\/uploads\/2022\/01\/Centro_Residencial_Torreblanca_Petanca-scaled.jpg?auto=format%2Ccompress&fit=crop&h=683&ixlib=php-3.3.0&w=1024&s=bec1199f127e0e7ee7a2f095a34f02ab 1024w, https:\/\/miresiblog.imgix.net\/uploads\/2022\/01\/Centro_Residencial_Torreblanca_Petanca-scaled.jpg?auto=format%2Ccompress&fit=crop&h=200&ixlib=php-3.3.0&w=300&s=0cea9773b6d53d97e00376042bfc2030 300w, https:\/\/miresiblog.imgix.net\/uploads\/2022\/01\/Centro_Residencial_Torreblanca_Petanca-scaled.jpg?auto=format%2Ccompress&fit=crop&h=512&ixlib=php-3.3.0&w=768&s=0ed9c55624f987c59d851a4d2472fad6 768w, https:\/\/miresiblog.imgix.net\/uploads\/2022\/01\/Centro_Residencial_Torreblanca_Petanca-scaled.jpg?auto=format%2Ccompress&fit=crop&h=1024&ixlib=php-3.3.0&w=1536&s=353358f49df3e0ba318c73ecdcc290b5 1536w, https:\/\/miresiblog.imgix.net\/uploads\/2022\/01\/Centro_Residencial_Torreblanca_Petanca-scaled.jpg?auto=format%2Ccompress&fit=crop&h=1365&ixlib=php-3.3.0&w=2048&s=025c97b6982969e1f3b0b1134ad0fa17 2048w, https:\/\/miresiblog.imgix.net\/uploads\/2022\/01\/Centro_Residencial_Torreblanca_Petanca-scaled.jpg?auto=format%2Ccompress&fit=crop&h=240&ixlib=php-3.3.0&w=360&s=fa0cd0bb98aa4cdb0be32b2936d6b9c7 360w, https:\/\/miresiblog.imgix.net\/uploads\/2022\/01\/Centro_Residencial_Torreblanca_Petanca-scaled.jpg?auto=format%2Ccompress&ixlib=php-3.3.0&w=900&s=e49d7d21027ba4ddf9d8716a4c5b2a12 900w\" sizes=\"(max-width: 1024px) 100vw, 1024px\" \/><figcaption class=\"wp-element-caption\">Los mayores disfrutan mucho jugando a la petanca con sus cuidadores<\/figcaption><\/figure>\n<\/div>\n\n\n<p>Tiene como objetivo, facilitar un <strong>entorno c\u00f3modo y tranquilo<\/strong> para atender de una forma diferente a los residentes y a sus familias.<\/p>\n\n\n\n<p>Este nuevo espacio permite dar un<strong> trato m\u00e1s personalizado<\/strong> a las necesidades de cada uno, teniendo en cuenta los intereses de la persona, la familia y el equipo.<\/p>\n\n\n\n<h5 class=\"wp-block-heading\" id=\"1-1-6-1-unidades-de-convivencia\">1.1.6.1. <strong>Unidades de convivencia<\/strong><\/h5>\n\n\n\n<p>Desde que se instaur\u00f3 la <strong>ACP (Atenci\u00f3n centrada en la Persona)<\/strong> en el Centro Residencial Torreblanca, han surgido lo que se llaman unidades de convivencia.<\/p>\n\n\n\n<p>\u00bfC\u00f3mo funciona esta nueva modalidad?<\/p>\n\n\n\n<p>Mediante <strong>grupos m\u00e1s reducidos de residentes<\/strong> que comparten una serie de caracter\u00edsticas y conviven juntos para favorecer el desarrollo individual de cada uno de ellos. Adem\u00e1s, la atenci\u00f3n es mucho m\u00e1s individual y completa.\u00a0<\/p>\n\n\n\n<p>Para <strong>reconocer la dignidad del mayor<\/strong>, debemos garantizar su autonom\u00eda y dependencia acorde a sus posibilidades. De esta forma, no solo estaremos cuidando de su bienestar f\u00edsico, sino tambi\u00e9n de su bienestar emocional.<\/p>\n\n\n\n<h4 class=\"wp-block-heading\" id=\"1-1-7-buscas-ayuda-economica\">1.1.7. <strong>\u00bfBuscas ayuda econ\u00f3mica?<\/strong><\/h4>\n\n\n\n<p>El precio de una residencia <strong>muchas veces no es asimilable<\/strong> para las familias.\u00a0<\/p>\n\n\n\n<p>Por este motivo, existen las <strong>ayudas a la dependencia<\/strong>. En la p\u00e1gina web de <a href=\"https:\/\/miresi.es\"  target=\"_blank\" rel=\"noreferrer noopener\" title=\"miResi\"  target=\"_blank\" rel=\"noreferrer noopener\" title=\"miResi\">miResi<\/a>, te explicamos <a href=\"https:\/\/miresi.es\/cuales-son-las-ayudas-a-la-dependencia\/\"  target=\"_blank\" rel=\"noreferrer noopener\" title=\"cu\u00e1les son\"  target=\"_blank\" rel=\"noreferrer noopener\" title=\"cu\u00e1les son\">cu\u00e1les son<\/a> y c\u00f3mo funcionan.\u00a0<\/p>\n\n\n\n<p>Adem\u00e1s, el Centro Residencial Torreblanca otorga <strong>44 plazas concertadas de uso p\u00fablico<\/strong> para aquellos residentes con gran nivel de dependencia y pocos recursos econ\u00f3micos.<\/p>\n\n\n\n<div class=\"wp-block-buttons is-horizontal is-content-justification-center is-layout-flex wp-container-core-buttons-is-layout-499968f5 wp-block-buttons-is-layout-flex\">\n<div class=\"wp-block-button\"><a href=\"https:\/\/miresi.es\/cuanto-cuesta-una-residencia-de-ancianos\/\"  target=\"_blank\" rel=\"noreferrer noopener\"  target=\"_blank\" rel=\"noreferrer noopener\">Buscar formas de financiaci\u00f3n<\/a><\/div>\n<\/div>\n\n\n\n<p>Por \u00faltimo, aconsejamos enormemente contemplar la idea de una <strong>estancia temporal<\/strong>. Lo positivo de esta modalidad es que si la familia no est\u00e1 segura del ingreso en la residencia de su mayor, tiene la opci\u00f3n de hacer el traslado a otra o volver a casa de nuevo.<\/p>\n\n\n\n<h3 class=\"wp-block-heading\" id=\"1-2-residencia-la-vila-gran\">1.2. <strong><a href=\"https:\/\/miresi.es\/girona\/banyoles\/residencia-la-vila-gran\/\"  target=\"_blank\" rel=\"noreferrer noopener\" title=\"Residencia La Vila Gran\"  target=\"_blank\" rel=\"noreferrer noopener\" title=\"Residencia La Vila Gran\">Residencia La Vila Gran<\/a><\/strong><\/h3>\n\n\n\n<p>La Residencia La Vila Gran se encuentra en la ciudad de <strong><a href=\"https:\/\/www.banyoles.cat\"  target=\"_blank\" rel=\"external nofollow\"  target=\"_blank\" rel=\"noreferrer noopener nofollow\" title=\"Banyoles\"  class=\"wp-links-icon\">Banyoles<\/a><\/strong>, capital de la comarca del Pla de l\u2019Estany. Forma parte del <strong>Grupo La Vila Gran<\/strong>, un equipo de calidad referente en el cuidado de personas mayores.<\/p>\n\n\n\n<h4 class=\"wp-block-heading\" id=\"1-2-1-instalaciones\">1.2.1. <strong>Instalaciones<\/strong><\/h4>\n\n\n\n<p>La Residencia La Vila Gran es un <strong>centro de reciente construcci\u00f3n muy luminoso y espacioso<\/strong> y con varios espacios comunes distintos. Est\u00e1 pensado para la comodidad de los residentes.<\/p>\n\n\n\n<p>Aqu\u00ed te enumeramos algunos de los <strong>espacios<\/strong> de esta residencia:<\/p>\n\n\n\n<ul class=\"wp-block-list\">\n<li>Gimnasio<\/li>\n<\/ul>\n\n\n<div class=\"wp-block-image\">\n<figure class=\"aligncenter size-full\"><img decoding=\"async\" width=\"541\" height=\"600\" src=\"https:\/\/miresi.es\/blog\/wp-content\/uploads\/2022\/01\/Residencia_La_Vila_Gran_Gimnasio.jpg\" alt=\"Residencias de ancianos por 800 euros en Girona: Residencia La Vila Gran\" class=\"wp-image-8396\" title=\"Residencias de ancianos por 800 euros en Girona: Residencia La Vila Gran\" srcset=\"https:\/\/miresiblog.imgix.net\/uploads\/2022\/01\/Residencia_La_Vila_Gran_Gimnasio.jpg?auto=format%2Ccompress&ixlib=php-3.3.0&w=541&s=95737368b6dffc471f71bda5b5163bc7 541w, https:\/\/miresiblog.imgix.net\/uploads\/2022\/01\/Residencia_La_Vila_Gran_Gimnasio.jpg?auto=format%2Ccompress&fit=crop&h=300&ixlib=php-3.3.0&w=270&s=b76444233142654b2918651602dd633e 270w, https:\/\/miresiblog.imgix.net\/uploads\/2022\/01\/Residencia_La_Vila_Gran_Gimnasio.jpg?auto=format%2Ccompress&fit=crop&h=852&ixlib=php-3.3.0&w=768&s=ef9a12e785f50f8a4b5f00b01568de19 768w, https:\/\/miresiblog.imgix.net\/uploads\/2022\/01\/Residencia_La_Vila_Gran_Gimnasio.jpg?auto=format%2Ccompress&fit=crop&h=399&ixlib=php-3.3.0&w=360&s=cfa5ade83713e9d0ae58222967e61b5c 360w\" sizes=\"(max-width: 541px) 100vw, 541px\" \/><figcaption class=\"wp-element-caption\">Una sala para no parar<\/figcaption><\/figure>\n<\/div>\n\n\n<ul class=\"wp-block-list\">\n<li>\u00c1rea privada de visitas (sal\u00f3n, comedor)<\/li>\n\n\n\n<li>Capilla\u00a0<\/li>\n\n\n\n<li>Sala multiusos<\/li>\n\n\n\n<li>Jard\u00edn<\/li>\n<\/ul>\n\n\n<div class=\"wp-block-image\">\n<figure class=\"aligncenter size-large\"><img decoding=\"async\" width=\"1024\" height=\"576\" src=\"https:\/\/miresi.es\/blog\/wp-content\/uploads\/2022\/01\/Residencia_La_Vila_Gran_Jardin-1024x576.jpg\" alt=\"Residencias de ancianos por 800 euros en Girona: Residencia La Vila Gran\" class=\"wp-image-8397\" title=\"Residencias de ancianos por 800 euros en Girona: Residencia La Vila Gran\" srcset=\"https:\/\/miresiblog.imgix.net\/uploads\/2022\/01\/Residencia_La_Vila_Gran_Jardin.jpg?auto=format%2Ccompress&fit=crop&h=576&ixlib=php-3.3.0&w=1024&s=945720b9dca7d16ec469d7e51fec63ba 1024w, https:\/\/miresiblog.imgix.net\/uploads\/2022\/01\/Residencia_La_Vila_Gran_Jardin.jpg?auto=format%2Ccompress&fit=crop&h=169&ixlib=php-3.3.0&w=300&s=1ef6f27a6df5bd4fddb9025d149dcc6c 300w, https:\/\/miresiblog.imgix.net\/uploads\/2022\/01\/Residencia_La_Vila_Gran_Jardin.jpg?auto=format%2Ccompress&fit=crop&h=432&ixlib=php-3.3.0&w=768&s=61d3c8675df59b83ef9b5132ccfce237 768w, https:\/\/miresiblog.imgix.net\/uploads\/2022\/01\/Residencia_La_Vila_Gran_Jardin.jpg?auto=format%2Ccompress&fit=crop&h=863&ixlib=php-3.3.0&w=1536&s=28cfad6e4bf2cd89b08b0e82c4f88bd3 1536w, https:\/\/miresiblog.imgix.net\/uploads\/2022\/01\/Residencia_La_Vila_Gran_Jardin.jpg?auto=format%2Ccompress&fit=crop&h=202&ixlib=php-3.3.0&w=360&s=875dc19c75aaf67d6a926e8a2ec1c23a 360w, https:\/\/miresiblog.imgix.net\/uploads\/2022\/01\/Residencia_La_Vila_Gran_Jardin.jpg?auto=format%2Ccompress&ixlib=php-3.3.0&w=1067&s=9919fc945c17be72c54aa382c182a244 1067w\" sizes=\"(max-width: 1024px) 100vw, 1024px\" \/><figcaption class=\"wp-element-caption\">Respirar aire puro nunca viene mal<\/figcaption><\/figure>\n<\/div>\n\n\n<ul class=\"wp-block-list\">\n<li>Biblioteca<\/li>\n<\/ul>\n\n\n<div class=\"wp-block-image\">\n<figure class=\"aligncenter size-large\"><img decoding=\"async\" width=\"1024\" height=\"664\" src=\"https:\/\/miresi.es\/blog\/wp-content\/uploads\/2022\/01\/Residencia_La_Vila_Gran_Biblioteca-1024x664.jpg\" alt=\"Residencias de ancianos por 800 euros en Girona: Residencia La Vila Gran\" class=\"wp-image-8395\" title=\"Residencias de ancianos por 800 euros en Girona: Residencia La Vila Gran\" srcset=\"https:\/\/miresiblog.imgix.net\/uploads\/2022\/01\/Residencia_La_Vila_Gran_Biblioteca.jpg?auto=format%2Ccompress&fit=crop&h=664&ixlib=php-3.3.0&w=1024&s=fe44aa2b11a2df6f901e346b53736793 1024w, https:\/\/miresiblog.imgix.net\/uploads\/2022\/01\/Residencia_La_Vila_Gran_Biblioteca.jpg?auto=format%2Ccompress&fit=crop&h=195&ixlib=php-3.3.0&w=300&s=da746fc9fc8c87dfa87656e524a4aef2 300w, https:\/\/miresiblog.imgix.net\/uploads\/2022\/01\/Residencia_La_Vila_Gran_Biblioteca.jpg?auto=format%2Ccompress&fit=crop&h=498&ixlib=php-3.3.0&w=768&s=8d89b8e819f485bebd18618a4359d25f 768w, https:\/\/miresiblog.imgix.net\/uploads\/2022\/01\/Residencia_La_Vila_Gran_Biblioteca.jpg?auto=format%2Ccompress&fit=crop&h=360&ixlib=php-3.3.0&w=555&s=38a177101aeb2ad538c7c47c5c696333 555w, https:\/\/miresiblog.imgix.net\/uploads\/2022\/01\/Residencia_La_Vila_Gran_Biblioteca.jpg?auto=format%2Ccompress&fit=crop&h=233&ixlib=php-3.3.0&w=360&s=263ba19f2178ec3e442a08e6c3f6b281 360w, https:\/\/miresiblog.imgix.net\/uploads\/2022\/01\/Residencia_La_Vila_Gran_Biblioteca.jpg?auto=format%2Ccompress&ixlib=php-3.3.0&w=925&s=744ccef3bdacd4029dde700e986e00db 925w\" sizes=\"(max-width: 1024px) 100vw, 1024px\" \/><figcaption class=\"wp-element-caption\">Muchos libros para disfrutar y hacer volar la mente<\/figcaption><\/figure>\n<\/div>\n\n\n<ul class=\"wp-block-list\">\n<li>Cafeter\u00eda<\/li>\n\n\n\n<li>Peluquer\u00eda (con servicio extra de podolog\u00eda)<\/li>\n<\/ul>\n\n\n<div class=\"wp-block-image\">\n<figure class=\"aligncenter size-full\"><img decoding=\"async\" width=\"542\" height=\"600\" src=\"https:\/\/miresi.es\/blog\/wp-content\/uploads\/2022\/01\/Residencia_La_Vila_Gran_Peluqueria.jpg\" alt=\"Residencias de ancianos por 800 euros en Girona: Residencia La Vila Gran\" class=\"wp-image-8399\" title=\"Residencias de ancianos por 800 euros en Girona: Residencia La Vila Gran\" srcset=\"https:\/\/miresiblog.imgix.net\/uploads\/2022\/01\/Residencia_La_Vila_Gran_Peluqueria.jpg?auto=format%2Ccompress&ixlib=php-3.3.0&w=542&s=81eaa5d1a436f6ef1d6444475b1bf41d 542w, https:\/\/miresiblog.imgix.net\/uploads\/2022\/01\/Residencia_La_Vila_Gran_Peluqueria.jpg?auto=format%2Ccompress&fit=crop&h=300&ixlib=php-3.3.0&w=271&s=e44ac1e5165da0e22dbc7183b92c8196 271w, https:\/\/miresiblog.imgix.net\/uploads\/2022\/01\/Residencia_La_Vila_Gran_Peluqueria.jpg?auto=format%2Ccompress&fit=crop&h=850&ixlib=php-3.3.0&w=768&s=88ec212d438b8b1fcd38d3ccac45eace 768w, https:\/\/miresiblog.imgix.net\/uploads\/2022\/01\/Residencia_La_Vila_Gran_Peluqueria.jpg?auto=format%2Ccompress&fit=crop&h=398&ixlib=php-3.3.0&w=360&s=bc9132e3672022f6a504c5919a1b14de 360w\" sizes=\"(max-width: 542px) 100vw, 542px\" \/><figcaption class=\"wp-element-caption\">Un espacio para recuperar la confianza y la autoestima<\/figcaption><\/figure>\n<\/div>\n\n\n<ul class=\"wp-block-list\">\n<li>Cocina propia<\/li>\n\n\n\n<li>Lavander\u00eda<\/li>\n<\/ul>\n\n\n\n<p>Adem\u00e1s, al igual que el Centro Residencial Torreblanca, cuenta con<strong> unidades de convivencia<\/strong> como un espacio individual dentro de la residencia para aquellas personas que quieran recibir una Atenci\u00f3n Centrada en la Persona (ACP).<\/p>\n\n\n\n<h5 class=\"wp-block-heading\" id=\"1-2-1-1-sala-de-cine\">1.2.1.1. <strong>Sala de cine<\/strong><\/h5>\n\n\n\n<p>Al margen de las instalaciones b\u00e1sicas con las que cuenta el centro, es muy interesante c\u00f3mo han destinado uno de sus espacios a una <strong>zona cultural muy especial<\/strong>.<\/p>\n\n\n\n<p>Como vemos, han decidido incorporar una sala de cine para sus mayores, logrando uno de sus objetivos: la <strong>dinamizaci\u00f3n sociocultural<\/strong>.<\/p>\n\n\n\n<p>En ella, se visualizan muchas pel\u00edculas conocidas y no conocidas para los residentes.<\/p>\n\n\n\n<p>\u00a1Luces, c\u00e1maras y acci\u00f3n!<\/p>\n\n\n\n<h4 class=\"wp-block-heading\" id=\"1-2-2-servicios\">1.2.2. <strong>Servicios<\/strong><\/h4>\n\n\n\n<p>La Residencia La Vila Gran ofrece los servicios b\u00e1sicos de salud como es la <strong>consulta diaria con el m\u00e9dico 2 veces a la semana<\/strong>. En caso de emergencia, su disponibilidad es completa (a cualquier hora del d\u00eda, incluso por la noche).<\/p>\n\n\n\n<p><strong>La cobertura de los enfermeros y los auxiliares de enfermer\u00eda es las 24 horas al d\u00eda<\/strong>, contando con un total de 11 auxiliares en plantilla que atienden de forma inmediata a cada uno de los residentes.<\/p>\n\n\n\n<p>Por otro lado, la <strong><a href=\"https:\/\/miresi.es\/blog\/terapia-ocupacional-en-geriatria\/\"  target=\"_blank\" rel=\"noreferrer noopener\" title=\"terapia ocupacional en geriatr\u00eda\"  target=\"_blank\" rel=\"noreferrer noopener\" title=\"terapia ocupacional en geriatr\u00eda\">terapia ocupacional en geriatr\u00eda<\/a>, la psicolog\u00eda y el trabajo social<\/strong> lo lideran personas que est\u00e1n dispuestas a ofrecer la mejor calidad de vida a sus pacientes.<\/p>\n\n\n\n<h5 class=\"wp-block-heading\" id=\"1-2-2-1-fisioterapia-de-mantenimiento\">1.2.2.1. <strong>Fisioterapia de mantenimiento<\/strong><\/h5>\n\n\n\n<p>Otro de los servicios que ofrece la Residencia La Vila Gran es la fisioterapia de mantenimiento para personas mayores con <strong>sesiones diarias en horario de ma\u00f1ana<\/strong> (09:00-13:00 horas).<\/p>\n\n\n\n<p>\u00bfHab\u00edas escuchado esta modalidad de fisioterapia antes?<\/p>\n\n\n\n<p>La fisioterapia de mantenimiento consiste, como su nombre indica, en <strong>trabajar de forma rutinaria las articulaciones y los m\u00fasculos<\/strong> de las personas mayores a pesar de no tener que hacer ning\u00fan tipo de rehabilitaci\u00f3n.\u00a0<\/p>\n\n\n\n<p>El cuerpo de nuestros mayores lo agradecer\u00e1 porque <strong>ganar\u00e1n agilidad<\/strong> y poco a poco, ir\u00e1n disminuyendo los dolores como aquellos m\u00e1s fuertes presentes en enfermedades degenerativas como el Parkinson.<\/p>\n\n\n\n<div class=\"wp-block-buttons is-horizontal is-content-justification-center is-layout-flex wp-container-core-buttons-is-layout-499968f5 wp-block-buttons-is-layout-flex\">\n<div class=\"wp-block-button\"><a href=\"https:\/\/miresi.es\/residencias-parkinson\/\"  target=\"_blank\" rel=\"noreferrer noopener\"  target=\"_blank\" rel=\"noreferrer noopener\">Buscar residencias para Parkinson<\/a><\/div>\n<\/div>\n\n\n\n<p>Lo \u00fanico imprescindible para lograr los objetivos de la fisioterapia de mantenimiento es la <strong>actitud<\/strong> y estamos seguros de que conseguiremos optimismo en nuestros residentes decididos a mejorar su calidad de vida.<\/p>\n\n\n\n<h5 class=\"wp-block-heading\" id=\"1-2-2-2-nutricion-y-dietetica\">1.2.2.2. <strong>Nutrici\u00f3n y diet\u00e9tica<\/strong><\/h5>\n\n\n\n<p>Por \u00faltimo, en lo que respecta a la alimentaci\u00f3n, la Residencia La Vila Gran tambi\u00e9n ofrece un <strong>servicio de nutrici\u00f3n y diet\u00e9tica personalizado<\/strong>.<\/p>\n\n\n\n<p>Ya que la diabetes y la hipotensi\u00f3n son dos enfermedades muy comunes en ancianos, realizan <strong>dietas especiales individuales<\/strong> para cada anomal\u00eda teniendo en cuenta restricciones de alimentos, cantidades y alimentos estrella que ayudan a mejorar el sistema inmune de las personas mayores.<\/p>\n\n\n\n<p>Si quieres saber m\u00e1s sobre este tema, te recomiendo que visites una de nuestras publicaciones m\u00e1s recientes: <a href=\"https:\/\/miresi.es\/blog\/menu-semanal-para-personas-mayores\/\"  target=\"_blank\" rel=\"noreferrer noopener\"  target=\"_blank\" rel=\"noreferrer noopener\">El men\u00fa semanal para personas mayores m\u00e1s completo de<\/a> <a href=\"https:\/\/miresi.es\/blog\/menu-semanal-para-personas-mayores\/\"  target=\"_blank\" rel=\"noreferrer noopener\" title=\"miResi\"  target=\"_blank\" rel=\"noreferrer noopener\" title=\"miResi\">miResi<\/a>.<\/p>\n\n\n<div class=\"wp-block-image\">\n<figure class=\"aligncenter size-large\"><img decoding=\"async\" width=\"1024\" height=\"699\" src=\"https:\/\/miresi.es\/blog\/wp-content\/uploads\/2022\/01\/Residencia_La_Vila_Gran_Comedor_1-1024x699.jpg\" alt=\"Residencias de ancianos por 800 euros en Girona: Residencia La Vila Gran\" class=\"wp-image-8401\" title=\"Residencias de ancianos por 800 euros en Girona: Residencia La Vila Gran\" srcset=\"https:\/\/miresiblog.imgix.net\/uploads\/2022\/01\/Residencia_La_Vila_Gran_Comedor_1.jpg?auto=format%2Ccompress&fit=crop&h=699&ixlib=php-3.3.0&w=1024&s=345489bd15437f1e6068727c8c814d42 1024w, https:\/\/miresiblog.imgix.net\/uploads\/2022\/01\/Residencia_La_Vila_Gran_Comedor_1.jpg?auto=format%2Ccompress&fit=crop&h=205&ixlib=php-3.3.0&w=300&s=375d80b45edb577263a82abefc6c467b 300w, https:\/\/miresiblog.imgix.net\/uploads\/2022\/01\/Residencia_La_Vila_Gran_Comedor_1.jpg?auto=format%2Ccompress&fit=crop&h=524&ixlib=php-3.3.0&w=768&s=017c78316801b589921c0ad3d5bfc29e 768w, https:\/\/miresiblog.imgix.net\/uploads\/2022\/01\/Residencia_La_Vila_Gran_Comedor_1.jpg?auto=format%2Ccompress&fit=crop&h=246&ixlib=php-3.3.0&w=360&s=567f2bea7532ab665ff307a7e91393e5 360w, https:\/\/miresiblog.imgix.net\/uploads\/2022\/01\/Residencia_La_Vila_Gran_Comedor_1.jpg?auto=format%2Ccompress&ixlib=php-3.3.0&w=879&s=207fc969fdceec21e00a0c7747d3e813 879w\" sizes=\"(max-width: 1024px) 100vw, 1024px\" \/><figcaption class=\"wp-element-caption\">Un comedor para disfrutar de los men\u00fas m\u00e1s saludables<\/figcaption><\/figure>\n<\/div>\n\n\n<h4 class=\"wp-block-heading\" id=\"1-2-3-corta-o-larga-estancia\">1.2.3. <strong>\u00bfCorta o larga estancia?<\/strong><\/h4>\n\n\n\n<p>Puede ser que te encuentres en un <strong>per\u00edodo de indecisi\u00f3n<\/strong> sobre si ingresar o no a tu mayor en una residencia.\u00a0<\/p>\n\n\n\n<p>Queremos hacerte saber que miResi est\u00e1 aqu\u00ed para ofrecerte la ayuda que necesites, informarte y ayudarte a <strong><a href=\"https:\/\/miresi.es\/buscador\/\"  rel=\"noreferrer noopener\" title=\"encontrar los mejores cuidados para tu mayor\"  rel=\"noreferrer noopener\" title=\"encontrar los mejores cuidados para tu mayor\">encontrar los mejores cuidados para tu mayor<\/a><\/strong>.<\/p>\n\n\n\n<p>Por eso, queremos contarte que en la Residencia La Vila Gran se permiten <strong>estancias temporales<\/strong>, lo que significa que la duraci\u00f3n del anciano en la residencia la puede decidir su familia o \u00e9l, sin necesidad de agobiarse por tener que estar m\u00e1s tiempo si se encuentra inc\u00f3modo.<\/p>\n\n\n\n<div class=\"wp-block-buttons is-horizontal is-content-justification-center is-layout-flex wp-container-core-buttons-is-layout-499968f5 wp-block-buttons-is-layout-flex\">\n<div class=\"wp-block-button\"><a href=\"https:\/\/miresi.es\/buscador\/\"  rel=\"noreferrer noopener\"  rel=\"noreferrer noopener\">Quiero saber m\u00e1s sobre estancias temporales<\/a><\/div>\n<\/div>\n\n\n\n<h4 class=\"wp-block-heading\" id=\"1-2-4-buscas-ayuda-economica\">1.2.4. <strong>\u00bfBuscas ayuda econ\u00f3mica?<\/strong><\/h4>\n\n\n\n<p>Para afrontar el pago de una residencia de ancianos, es necesaria una reflexi\u00f3n previa de las posibilidades econ\u00f3micas y de la <strong>situaci\u00f3n de dependencia del mayor.<\/strong><\/p>\n\n\n\n<p>Sin embargo, hay casos en los que la situaci\u00f3n ya es insostenible y <strong>el ingreso en una residencia es urgente<\/strong>.<\/p>\n\n\n\n<div class=\"wp-block-buttons is-horizontal is-content-justification-center is-layout-flex wp-container-core-buttons-is-layout-499968f5 wp-block-buttons-is-layout-flex\">\n<div class=\"wp-block-button\"><a href=\"https:\/\/miresi.es\/buscador\/\"  rel=\"noreferrer noopener\"  rel=\"noreferrer noopener\">Necesito ayuda urgente<\/a><\/div>\n<\/div>\n\n\n\n<p>Por eso, existen <strong>ayudas a la dependencia<\/strong> que hacen m\u00e1s llevadera esta decisi\u00f3n para las familias.<\/p>\n\n\n\n<h4 class=\"wp-block-heading\" id=\"1-2-5-disponibilidad\">1.2.5. <strong>Disponibilidad<\/strong><\/h4>\n\n\n\n<p>En Residencia La Vila Gran puedes decidir si <strong>reservar una plaza como centro de d\u00eda o una cama como residencia<\/strong>.\u00a0<\/p>\n\n\n\n<p>El n\u00famero m\u00e1ximo de plazas de d\u00eda es de 39, mientras que el de camas es de 53.<\/p>\n\n\n\n<p>Actualmente, hay 14 camas libres disponibles (las m\u00e1s econ\u00f3micas). Aunque <strong>su precio est\u00e1 por encima de los 800 euros<\/strong>, recomendamos enormemente plantear la situaci\u00f3n, pues las reservas de este tipo de cama se est\u00e1n haciendo cada vez con m\u00e1s frecuencia y no queremos que te quedes sin la tuya\u2026<\/p>\n\n\n\n<div class=\"wp-block-buttons is-horizontal is-content-justification-center is-layout-flex wp-container-core-buttons-is-layout-499968f5 wp-block-buttons-is-layout-flex\">\n<div class=\"wp-block-button\"><a href=\"https:\/\/miresi.es\/girona\/banyoles\/residencia-la-vila-gran\/\"  target=\"_blank\" rel=\"noreferrer noopener\"  target=\"_blank\" rel=\"noreferrer noopener\">Reservar cama en Residencia La Vila Gran<\/a><\/div>\n<\/div>\n\n\n<div class=\"wp-block-image\">\n<figure class=\"aligncenter size-large\"><img decoding=\"async\" width=\"1024\" height=\"683\" src=\"https:\/\/miresi.es\/blog\/wp-content\/uploads\/2022\/01\/Residencia_La_Vila_Gran_Habitacion_1-1024x683.jpg\" alt=\"Residencias de ancianos por 800 euros en Girona: Residencia La Vila Gran\" class=\"wp-image-8403\" title=\"Residencias de ancianos por 800 euros en Girona: Residencia La Vila Gran\" srcset=\"https:\/\/miresiblog.imgix.net\/uploads\/2022\/01\/Residencia_La_Vila_Gran_Habitacion_1.jpg?auto=format%2Ccompress&fit=crop&h=683&ixlib=php-3.3.0&w=1024&s=e4cd17482e56202cdeb7cc9158a87027 1024w, https:\/\/miresiblog.imgix.net\/uploads\/2022\/01\/Residencia_La_Vila_Gran_Habitacion_1.jpg?auto=format%2Ccompress&fit=crop&h=200&ixlib=php-3.3.0&w=300&s=b5c196cf223a8dd59f889270d6633ee0 300w, https:\/\/miresiblog.imgix.net\/uploads\/2022\/01\/Residencia_La_Vila_Gran_Habitacion_1.jpg?auto=format%2Ccompress&fit=crop&h=512&ixlib=php-3.3.0&w=768&s=dfb875046c2357101ddaa55d51a9dd3d 768w, https:\/\/miresiblog.imgix.net\/uploads\/2022\/01\/Residencia_La_Vila_Gran_Habitacion_1.jpg?auto=format%2Ccompress&fit=crop&h=240&ixlib=php-3.3.0&w=360&s=b04255e042ef6a18e7a2e4f0a5af968d 360w, https:\/\/miresiblog.imgix.net\/uploads\/2022\/01\/Residencia_La_Vila_Gran_Habitacion_1.jpg?auto=format%2Ccompress&ixlib=php-3.3.0&w=900&s=ead28456acb2981e48be67b067e245d1 900w\" sizes=\"(max-width: 1024px) 100vw, 1024px\" \/><figcaption class=\"wp-element-caption\">Habitaciones de lujo: un hotel para residentes<\/figcaption><\/figure>\n<\/div>\n\n\n<p>Esperamos que alguna de estas dos residencias de las que hemos hablado hoy en Girona, te hayan resultado interesantes como para convertirse en el <strong>pr\u00f3ximo hogar para tu mayor<\/strong> \ud83c\udfe1<\/p>\n\n\n\n<p>Si tienes alguna duda, siempre puedes contactar con el equipo de asesoramiento familiar. Ellos te guiar\u00e1n en el proceso de <strong><a href=\"https:\/\/miresi.es\/buscador\/\"  rel=\"noreferrer noopener\" title=\"encontrar la residencia ideal\"  rel=\"noreferrer noopener\" title=\"encontrar la residencia ideal\">encontrar la residencia ideal<\/a><\/strong> e incluso, te agendar\u00e1 alguna visita para que puedas ver la residencia y c\u00f3mo se trabaja en ella.<\/p>\n\n\n\n<p>Algunas familias ya han probado suerte en estas residencias y est\u00e1n <strong>muy contentas con el trato, la gesti\u00f3n y los cuidados<\/strong>.<\/p>\n\n\n\n<p>\u00bfSer\u00e1 la tuya la pr\u00f3xima? \ud83d\ude09<\/p>\n\n\n\n<div class=\"wp-block-buttons is-horizontal is-content-justification-center is-layout-flex wp-container-core-buttons-is-layout-499968f5 wp-block-buttons-is-layout-flex\">\n<div class=\"wp-block-button\"><a href=\"https:\/\/miresi.es\/buscador\/\"  rel=\"noreferrer noopener\"  rel=\"noreferrer noopener\">Ayuda gratuita<\/a><\/div>\n<\/div>\n\n\n\n<p>\u00a1Te esperamos en \ud83d\udc9a miResi!<\/p>\n<div style='text-align:center' class='yasr-auto-insert-visitor'><!--Yasr Visitor Votes Shortcode--><div id='yasr_visitor_votes_c489a07f4b36f' class='yasr-visitor-votes'><div class=\"yasr-custom-text-vv-before yasr-custom-text-vv-before-8377\">\u00a1Haz clic para puntuar esta entrada!<\/div><div id='yasr-vv-second-row-container-c489a07f4b36f'\r\n                                        class='yasr-vv-second-row-container'><div id='yasr-visitor-votes-rater-c489a07f4b36f'\r\n                                      class='yasr-rater-stars-vv'\r\n                                      data-rater-postid='8377'\r\n                                      data-rating='0'\r\n                                      data-rater-starsize='32'\r\n                                      data-rater-readonly='false'\r\n                                      data-rater-nonce='8fd90f1bfe'\r\n                                      data-issingular='false'\r\n                                    ><\/div><div class=\"yasr-vv-stats-text-container\" id=\"yasr-vv-stats-text-container-c489a07f4b36f\"><svg xmlns=\"https:\/\/www.w3.org\/2000\/svg\" width=\"20\" height=\"20\"\r\n                                   class=\"yasr-dashicons-visitor-stats\"\r\n                                   data-postid=\"8377\"\r\n                                   id=\"yasr-stats-dashicon-c489a07f4b36f\">\r\n                                   <path d=\"M18 18v-16h-4v16h4zM12 18v-11h-4v11h4zM6 18v-8h-4v8h4z\"><\/path>\r\n                               <\/svg><span id=\"yasr-vv-text-container-c489a07f4b36f\" class=\"yasr-vv-text-container\"> (Votos: <span id=\"yasr-vv-votes-number-container-c489a07f4b36f\">0<\/span>  Promedio: <span id=\"yasr-vv-average-container-c489a07f4b36f\">0<\/span>)<\/span><\/div><div id='yasr-vv-loader-c489a07f4b36f' class='yasr-vv-container-loader'><\/div><\/div><div id='yasr-vv-bottom-container-c489a07f4b36f'\r\n                              class='yasr-vv-bottom-container'\r\n                              style='display:none'><\/div><\/div><!--End Yasr Visitor Votes Shortcode--><\/div>","protected":false},"excerpt":{"rendered":"<p>\u00bfTe cuesta encontrar residencias econ\u00f3micas en Catalu\u00f1a? Hoy miResi te habla de dos residencias de ancianos por 800 euros en Girona claves en calidad-precio.<\/p>\n","protected":false},"author":3,"featured_media":8381,"comment_status":"closed","ping_status":"closed","sticky":false,"template":"","format":"standard","meta":{"yasr_overall_rating":0,"yasr_post_is_review":"","yasr_auto_insert_disabled":"","yasr_review_type":"","footnotes":""},"categories":[363,362],"tags":[273,269,771,344,22,270,264],"class_list":["post-8377","post","type-post","status-publish","format-standard","has-post-thumbnail","hentry","category-centros-de-dia","category-residencias-de-mayores","tag-precio-residencia-de-ancianos","tag-residencias-baratas","tag-residencias-de-ancianos-en-girona","tag-residencias-de-ancianos-por-800-euros","tag-residencias-de-mayores","tag-residencias-economicas","tag-residencias-para-parkinson"],"yasr_visitor_votes":{"stars_attributes":{"read_only":false,"span_bottom":false},"number_of_votes":0,"sum_votes":0},"_links":{"self":[{"href":"https:\/\/miresi.es\/blog\/wp-json\/wp\/v2\/posts\/8377","targetHints":{"allow":["GET"]}}],"collection":[{"href":"https:\/\/miresi.es\/blog\/wp-json\/wp\/v2\/posts"}],"about":[{"href":"https:\/\/miresi.es\/blog\/wp-json\/wp\/v2\/types\/post"}],"author":[{"embeddable":true,"href":"https:\/\/miresi.es\/blog\/wp-json\/wp\/v2\/users\/3"}],"replies":[{"embeddable":true,"href":"https:\/\/miresi.es\/blog\/wp-json\/wp\/v2\/comments?post=8377"}],"version-history":[{"count":32,"href":"https:\/\/miresi.es\/blog\/wp-json\/wp\/v2\/posts\/8377\/revisions"}],"predecessor-version":[{"id":24977,"href":"https:\/\/miresi.es\/blog\/wp-json\/wp\/v2\/posts\/8377\/revisions\/24977"}],"wp:featuredmedia":[{"embeddable":true,"href":"https:\/\/miresi.es\/blog\/wp-json\/wp\/v2\/media\/8381"}],"wp:attachment":[{"href":"https:\/\/miresi.es\/blog\/wp-json\/wp\/v2\/media?parent=8377"}],"wp:term":[{"taxonomy":"category","embeddable":true,"href":"https:\/\/miresi.es\/blog\/wp-json\/wp\/v2\/categories?post=8377"},{"taxonomy":"post_tag","embeddable":true,"href":"https:\/\/miresi.es\/blog\/wp-json\/wp\/v2\/tags?post=8377"}],"curies":[{"name":"wp","href":"https:\/\/api.w.org\/{rel}","templated":true}]}}