{"id":8849,"date":"2022-01-19T11:00:30","date_gmt":"2022-01-19T10:00:30","guid":{"rendered":"https:\/\/miresi.es\/blog\/?p=8849"},"modified":"2026-04-23T18:17:00","modified_gmt":"2026-04-23T17:17:00","slug":"pension-de-viudedad","status":"publish","type":"post","link":"https:\/\/miresi.es\/blog\/pension-de-viudedad\/","title":{"rendered":"C\u00f3mo acceder a la pensi\u00f3n de viudedad"},"content":{"rendered":"\n<p>La p\u00e9rdida de un ser querido es siempre un duro trance. A la situaci\u00f3n sentimental se le suman unos procesos burocr\u00e1ticos lentos que pueden llegar a ser complicados. Desde <a href=\"https:\/\/miresi.es\/\"  target=\"_blank\" rel=\"noreferrer noopener\" title=\"miResi\"  target=\"_blank\" rel=\"noreferrer noopener\" title=\"miResi\">miResi<\/a> queremos ayudarte para que los tr\u00e1mites sean lo m\u00e1s sencillos posibles. Por ello, hoy te contamos c\u00f3mo solicitar la pensi\u00f3n de viudedad paso a paso.<\/p>\n\n\n\n<h2 class=\"wp-block-heading\" id=\"1-donde-se-solicita-la-pension-por-viudedad\">1. <strong>\u00bfD\u00f3nde se solicita la pensi\u00f3n por viudedad?<\/strong><\/h2>\n\n\n\n<p>El tr\u00e1mite se realiza online a trav\u00e9s del <a href=\"https:\/\/sede.seg-social.gob.es\/wps\/portal\/sede\/sede\/Ciudadanos\/pensiones\/202042\/!ut\/p\/z1\/jZBPj4IwEMU_iweOMkNxiXgjG6O7CwdjiLWXTTHlj2Fb0nYh8dPb4MlE0bnN5L2Z3xtgQIFJ3jcVt42SvHX9kUW_YRAtghiDdINfa0zy7CePw124IREcpgQYI7B3_Pikkpf-71cCl4Do7DOrgHXc1vNGlgpoJ6RxCYUBSpDggjgQNrVqjDIKJlgdTNWq4va3RBbh0l3VohRaaP9fu3FtbWdWHno4DIMvTso03Fe68vCRpVbGAr1Xwt5Bd385vaRbPH-0fVomsyuKom9p\/dz\/d5\/L2dBISEvZ0FBIS9nQSEh\/\"  target=\"_blank\" rel=\"external nofollow\"   class=\"wp-links-icon\">Port<\/a><a href=\"https:\/\/sede.seg-social.gob.es\/wps\/portal\/sede\/sede\/Ciudadanos\/pensiones\/202042\/!ut\/p\/z1\/jZBPj4IwEMU_iweOMkNxiXgjG6O7CwdjiLWXTTHlj2Fb0nYh8dPb4MlE0bnN5L2Z3xtgQIFJ3jcVt42SvHX9kUW_YRAtghiDdINfa0zy7CePw124IREcpgQYI7B3_Pikkpf-71cCl4Do7DOrgHXc1vNGlgpoJ6RxCYUBSpDggjgQNrVqjDIKJlgdTNWq4va3RBbh0l3VohRaaP9fu3FtbWdWHno4DIMvTso03Fe68vCRpVbGAr1Xwt5Bd385vaRbPH-0fVomsyuKom9p\/dz\/d5\/L2dBISEvZ0FBIS9nQSEh\/\"  target=\"_blank\" rel=\"external nofollow\"  target=\"_blank\" rel=\"noreferrer noopener\"  class=\"wp-links-icon\">al de la Seguridad Social<\/a>. Tambi\u00e9n  presencialmente en cualquier Centro de Atenci\u00f3n e Informaci\u00f3n de la Seguridad Social (CAISS). En el primer caso, ser\u00e1 necesaria la identificaci\u00f3n digital mediante Cl@ve, certificado digital o registro en la web.<\/p>\n\n\n\n<div class=\"wp-block-buttons is-horizontal is-content-justification-center is-layout-flex wp-container-core-buttons-is-layout-499968f5 wp-block-buttons-is-layout-flex\">\n<div class=\"wp-block-button\"><a href=\"https:\/\/miresi.es\/buscador\/\"  rel=\"noreferrer noopener\"  rel=\"noreferrer noopener\">encuentra residencia<\/a><\/div>\n<\/div>\n\n\n\n<h2 class=\"wp-block-heading\" id=\"2-que-documentacion-necesito\">2. <strong>\u00bfQu\u00e9 documentaci\u00f3n necesito?<\/strong><\/h2>\n\n\n\n<p>Una vez identificado en el sistema, el proceso es muy sencillo. La web pide una serie de datos de contacto y los siguientes documentos:<\/p>\n\n\n\n<ol class=\"wp-block-list\"><li><a href=\"https:\/\/sede.seg-social.gob.es\/wps\/wcm\/connect\/sede\/57c0aa7d-1ee3-43a4-87ea-0f0d39f7147a\/6-087+Castellano_v2_0_Accesibilidad.pdf?MOD=AJPERES&CVID=\"  target=\"_blank\" rel=\"external nofollow\"  target=\"_blank\" rel=\"noreferrer noopener\"  class=\"wp-links-icon\">Formulario de Representaci\u00f3n<\/a> (solo en caso de que solicitemos la ayuda en representaci\u00f3n de nuestros mayores).<\/li><li><a href=\"https:\/\/www.seg-social.es\/wps\/wcm\/connect\/wss\/251f8f80-18ff-44ff-bfd3-e7f64841c283\/MS3-UE_Castellano_V10.0.pdf?MOD=AJPERES\"  target=\"_blank\" rel=\"external nofollow\"  target=\"_blank\" rel=\"noreferrer noopener\"  class=\"wp-links-icon\">Modelo de solicitud<\/a>.\u00a0 Este en el caso de trabajadores del mar <a href=\"https:\/\/www.seg-social.es\/wps\/wcm\/connect\/wss\/a53d678c-288f-4622-904d-ccc9c1de2fb4\/MS3-UE+ISM+V.10.pdf?MOD=AJPERES\"  target=\"_blank\" rel=\"external nofollow\"  target=\"_blank\" rel=\"noreferrer noopener\"  class=\"wp-links-icon\">Modelo de solicitud para trabajadores del mar<\/a>.<\/li><li>Acta de Defunci\u00f3n del fallecido.<\/li><li>DNI o Pasaporte del solicitante o el representante.<\/li><li>Resoluciones judiciales que prueben la incapacidad del mayor o la tutela familiar o institucional (en caso de que exista).<\/li><\/ol>\n\n\n\n<h3 class=\"wp-block-heading\" id=\"2-1-para-matrimonios-o-parejas-terminadas-por-divorcio-o-nulidad\">2.1. <strong>Para matrimonios o parejas terminadas por divorcio o nulidad:<\/strong><\/h3>\n\n\n\n<ol class=\"wp-block-list\"><li>Libro de familia, acta de registro civil o cualquier documento que acredite el estado civil del fallecido y su relaci\u00f3n con el solicitante.<\/li><li>Sentencia judicial en caso de divorcio o nulidad.<\/li><li><a href=\"https:\/\/sede.seg-social.gob.es\/wps\/wcm\/connect\/sede\/27acbbd7-0843-4270-906d-9d6d36ddf19a\/205689.pdf?MOD=AJPERES&CVID=\"  target=\"_blank\" rel=\"external nofollow\"  target=\"_blank\" rel=\"noreferrer noopener\"  class=\"wp-links-icon\">Declaraci\u00f3n de los requisitos para la obtenci\u00f3n de la pensi\u00f3n compensatoria <\/a>\u00a0<\/li><li>Certificado m\u00e9dico en el que consten las causas de la muerte y el inicio de enfermedades causantes de la muerte.<\/li><li><a href=\"https:\/\/www.mjusticia.gob.es\/es\/ciudadania\/tramites\/certificadocertificacion1\"  target=\"_blank\" rel=\"external nofollow\"  target=\"_blank\" rel=\"noreferrer noopener\"  class=\"wp-links-icon\">Certificado Literal de Matrimonio<\/a><\/li><li>Acreditaci\u00f3n de convivencia previa al matrimonio (solo en caso de que la hubiera).<\/li><\/ol>\n\n\n\n<h3 class=\"wp-block-heading\" id=\"2-2-para-parejas-de-hecho\"><strong>2.2. Para parejas de hecho<\/strong>:<\/h3>\n\n\n\n<ol class=\"wp-block-list\"><li>Certificado de registro en el registro civil de la comunidad aut\u00f3noma o localidad. O acreditaci\u00f3n de la constituci\u00f3n de la pareja en escritura p\u00fablica.<\/li><li>Actas de Registro Civil que prueben que no hubo matrimonio con otras personas 2 a\u00f1os antes del fallecimiento (solo en caso de escritura p\u00fablica).<\/li><li>Certificados de empadronamiento que demuestren la convivencia de la pareja los 5 a\u00f1os anteriores al fallecimiento.<\/li><li>Declaraci\u00f3n de ingresos (IRPF o n\u00f3minas) del a\u00f1o anterior al fallecimiento en el caso del fallecido y del a\u00f1o del fallecimiento en el caso del beneficiario.<\/li><\/ol>\n\n\n\n<h2 class=\"wp-block-heading\" id=\"3-tiene-mi-mayor-derecho-a-una-pension-por-viudedad\">3. <strong>\u00bfTiene mi mayor derecho a una pensi\u00f3n por viudedad?<\/strong><\/h2>\n\n\n\n<p>Podremos solicitar esta prestaci\u00f3n si la pareja de hecho o c\u00f3nyuge de nuestro mayor era trabajador:<\/p>\n\n\n\n<ol class=\"wp-block-list\"><li><strong>Dado de alta en la Seguridad Social<\/strong>\u00a0 con 500 d\u00edas cotizados en los 5 a\u00f1os anteriores a la defunci\u00f3n o v\u00edctima de un accidente laboral o enfermedad profesional sin el requisito de cotizaci\u00f3n m\u00ednima.<\/li><li><strong>No dado de alta en la Seguridad Social <\/strong>con una cotizaci\u00f3n m\u00ednima de 15 a\u00f1os.<\/li><\/ol>\n\n\n\n<p>La prestaci\u00f3n es de car\u00e1cter mensual con dos pagas extraordinarias en junio y noviembre. Con la excepci\u00f3n en caso de Enfermedad Profesional y Accidente de Trabajo en los que las pagas extraordinarias se repartir\u00e1n mensualmente durante el a\u00f1o-.<\/p>\n\n\n\n<h2 class=\"wp-block-heading\" id=\"4-como-calculo-mi-prestacion-por-viudedad\">4. <strong>\u00bfC\u00f3mo calculo mi prestaci\u00f3n por viudedad?<\/strong><\/h2>\n\n\n\n<p>Para calcular la cuant\u00eda que se va a recibir, hay que tener en cuenta que la prestaci\u00f3n consta de dos partes: la base reguladora y el porcentaje. La base est\u00e1 relacionada con las bases de cotizaci\u00f3n del fallecido -tipo de contrato, sueldo bruto mensual y antig\u00fcedad-. Mientras que el porcentaje determina qu\u00e9 parte de la base reguladora se cobrar\u00e1 y est\u00e1 relacionada con la situaci\u00f3n del beneficiario.<\/p>\n\n\n\n<p>Pese a esto, existen cuatro supuestos en los que se estipula una pensi\u00f3n m\u00ednima:<\/p>\n\n\n\n<div class=\"wp-block-image\"><figure class=\"aligncenter size-large\"><img decoding=\"async\" width=\"410\" height=\"1024\" src=\"https:\/\/miresi.es\/blog\/wp-content\/uploads\/2022\/01\/Viudedad-1-410x1024.png\" alt=\"Rentas m\u00ednimas para la pensi\u00f3n de viudedad\" class=\"wp-image-8872\" srcset=\"https:\/\/miresiblog.imgix.net\/uploads\/2022\/01\/Viudedad-1.png?auto=format%2Ccompress&fit=crop&h=1024&ixlib=php-3.3.0&w=410&s=e27fc94e655a090a367799375bf9e59a 410w, https:\/\/miresiblog.imgix.net\/uploads\/2022\/01\/Viudedad-1.png?auto=format%2Ccompress&fit=crop&h=300&ixlib=php-3.3.0&w=120&s=4cb498b5b96c834ba02c91d02b7de6ae 120w, https:\/\/miresiblog.imgix.net\/uploads\/2022\/01\/Viudedad-1.png?auto=format%2Ccompress&fit=crop&h=1920&ixlib=php-3.3.0&w=768&s=1ad13f9275d5d74c849ebde9c055a03c 768w, https:\/\/miresiblog.imgix.net\/uploads\/2022\/01\/Viudedad-1.png?auto=format%2Ccompress&fit=crop&h=900&ixlib=php-3.3.0&w=360&s=c9a5b01ffe27d112d77270f21b23eb26 360w, https:\/\/miresiblog.imgix.net\/uploads\/2022\/01\/Viudedad-1.png?auto=format%2Ccompress&ixlib=php-3.3.0&w=240&s=1406da73e846375d9ce27f0ade1e962b 240w\" sizes=\"(max-width: 410px) 100vw, 410px\" \/><figcaption>Tabla con las rentas m\u00ednimas para la pensi\u00f3n de viudedad<\/figcaption><\/figure><\/div>\n\n\n\n<h2 class=\"wp-block-heading\" id=\"4-1-base-reguladora-de-la-pension-de-viudedad\">4.1. <strong>Base reguladora<\/strong> de la pensi\u00f3n de viudedad<\/h2>\n\n\n\n<p>Se calcula en funci\u00f3n a dos situaciones:<\/p>\n\n\n\n<h3 class=\"wp-block-heading\" id=\"4-1-1-el-fallecido-era-pensionista-o-incapacitado-de-forma-permanente\">4.1.1. El fallecido era <strong>pensionista o incapacitado de forma permanente<\/strong>.  <\/h3>\n\n\n\n<p>La base reguladora ser\u00e1 la misma que la de la pensi\u00f3n o la prestaci\u00f3n por incapacidad.\u00a0<\/p>\n\n\n\n<p>-Si era jubilado parcial, la base de su cotizaci\u00f3n ser\u00e1 incrementada como si hubiera trabajado el mismo per\u00edodo a jornada completa.<\/p>\n\n\n\n<h3 class=\"wp-block-heading\" id=\"4-1-2-el-fallecido-era-un-trabajador-en-activo\">4.1.2. El fallecido era un <strong>trabajador en activo<\/strong>.<\/h3>\n\n\n\n<ul class=\"wp-block-list\"><li><strong>No fallecido en un accidente laboral con m\u00e1s de 24 meses cotizados en los 15 a\u00f1os anteriores a la muerte<\/strong>: La prestaci\u00f3n ser\u00e1 el resultado de dividir la base de cotizaci\u00f3n -sueldo bruto percibido al mes- de 2 a\u00f1os de trabajo -escogidos por los beneficiarios en el per\u00edodo de los 15 a\u00f1os anteriores al fallecimiento- entre 28.<\/li><li><strong>No fallecido en un accidente laboral con menos de 24 meses cotizados en los 15 a\u00f1os anteriores a la muerte<\/strong>: Se tomar\u00e1 la base de cotizaci\u00f3n de los \u00faltimos 24 meses conforme a la jornada laboral del \u00faltimo contrato firmado.<\/li><li><strong>Trabajadores pluriempleados<\/strong>: Si no se tiene derecho a pensi\u00f3n en una de las actividades, la base reguladora ser\u00e1 la suma de las distintas bases de cotizaci\u00f3n. Esta no podr\u00e1 superar los l\u00edmites de cotizaci\u00f3n de cada momento.<\/li><li><strong>Trabajadores exentos de las cuotas de la Seguridad Social<\/strong>: En este caso, se estiman las cotizaciones que se hubieran realizado -sin que exceda la media de cotizaciones del a\u00f1o anterior- teniendo en cuenta la variaci\u00f3n media del \u00cdndice de Precios al Consumidor (IPC) en el \u00faltimo a\u00f1o, a la que se sumar\u00e1 dos puntos porcentuales.<\/li><\/ul>\n\n\n\n<p>-Si no contara con bases de cotizaci\u00f3n por actividad, se tendr\u00e1n en cuenta las bases de distintos trabajos hasta alcanzar la jornada de trabajo por la que se demanda la pensi\u00f3n.<\/p>\n\n\n\n<p>-Si el problema es que no hay bases de cotizaci\u00f3n del a\u00f1o anterior, se tomar\u00e1 como referencia otro a\u00f1o. Por lo que se tendr\u00e1 que calcular la variaci\u00f3n anual hasta el a\u00f1o anterior a la petici\u00f3n de la prestaci\u00f3n.<\/p>\n\n\n\n<p>-Si el per\u00edodo de cotizaci\u00f3n no alcanza los 24 meses, se har\u00e1 el promedio entre los meses existentes.<\/p>\n\n\n\n<div class=\"wp-block-buttons is-content-justification-center is-layout-flex wp-container-core-buttons-is-layout-16018d1d wp-block-buttons-is-layout-flex\">\n<div class=\"wp-block-button\"><a href=\"http:\/\/miresi\"  target=\"_blank\" rel=\"external nofollow\"  target=\"_blank\" rel=\"noreferrer noopener\"  class=\"wp-links-icon\">pregunta gratis<\/a><\/div>\n<\/div>\n\n\n\n<h3 class=\"wp-block-heading\" id=\"4-1-3-fallecido-por-accidente-laboral\">4.1.3. <strong>Fallecido por accidente laboral<\/strong>:\u00a0 <\/h3>\n\n\n\n<p>Se sumar\u00e1:<\/p>\n\n\n\n<p>\u2013<strong>Contratos a tiempo parcial<\/strong>: se calcular\u00e1 el promedio mensual o semanal -es decir, el sueldo y la antig\u00fcedad entre 7 o 30 d\u00edas-.<\/p>\n\n\n\n<p><strong>-Contratos fijos-discontinuos<\/strong>: se calcular\u00e1 el promedio tomando como base el per\u00edodo de d\u00edas trabajado.<\/p>\n\n\n\n<ul class=\"wp-block-list\"><li>Suma de las pagas extraordinarias, beneficios y participaciones en el a\u00f1o anterior al accidente.<\/li><li>La divisi\u00f3n de los pluses, retribuciones complementarias y horas extras entre los d\u00edas trabajados (horas en el caso de trabajos a tiempo parcial y contratos fijos-discontinuos. En este caso se multiplicar\u00e1 por el resultado entre 1826 y la diferencia entre la jornada laboral habitual y la recogida en el contrato). Multiplicando por 273 -a no ser que los d\u00edas trabajados sean menores-.<\/li><\/ul>\n\n\n\n<p>La suma ser\u00e1 dividida entre 12.<\/p>\n\n\n\n<h3 class=\"wp-block-heading\" id=\"4-2-porcentaje-aplicado-a-la-base-reguladora\">4.2. <strong>Porcentaje<\/strong> aplicado a la base reguladora<\/h3>\n\n\n\n<p>Este c\u00e1lculo hace referencia al porcentaje de base m\u00ednima que se cobrar\u00e1 atendiendo a la situaci\u00f3n personal del beneficiario.<\/p>\n\n\n\n<div class=\"wp-block-image\"><figure class=\"aligncenter size-large\"><img decoding=\"async\" width=\"410\" height=\"1024\" src=\"https:\/\/miresi.es\/blog\/wp-content\/uploads\/2022\/01\/Viudedad-2-410x1024.png\" alt=\"Infograf\u00eda con tablas sobre el porcentaje aplicado a la pensi\u00f3n de viudedad\" class=\"wp-image-8877\" srcset=\"https:\/\/miresiblog.imgix.net\/uploads\/2022\/01\/Viudedad-2.png?auto=format%2Ccompress&fit=crop&h=1024&ixlib=php-3.3.0&w=410&s=d3a0ed80e90e4a0e4534b8dd84531252 410w, https:\/\/miresiblog.imgix.net\/uploads\/2022\/01\/Viudedad-2.png?auto=format%2Ccompress&fit=crop&h=300&ixlib=php-3.3.0&w=120&s=b258ba22ccc2cf4b5b5483acba8e509a 120w, https:\/\/miresiblog.imgix.net\/uploads\/2022\/01\/Viudedad-2.png?auto=format%2Ccompress&fit=crop&h=1920&ixlib=php-3.3.0&w=768&s=cac5042db998550f8cd90fd92ab38a6e 768w, https:\/\/miresiblog.imgix.net\/uploads\/2022\/01\/Viudedad-2.png?auto=format%2Ccompress&fit=crop&h=900&ixlib=php-3.3.0&w=360&s=cf9aa2267e7072f8d58ce9e6bf90b735 360w, https:\/\/miresiblog.imgix.net\/uploads\/2022\/01\/Viudedad-2.png?auto=format%2Ccompress&ixlib=php-3.3.0&w=240&s=8dbcb542615bb6cc27c7ebaf3e97bbc2 240w\" sizes=\"(max-width: 410px) 100vw, 410px\" \/><figcaption>Porcentaje de dinero recibido de la pensi\u00f3n de viudedad<\/figcaption><\/figure><\/div>\n\n\n\n<h2 class=\"wp-block-heading\" id=\"5-puede-aumentar-la-prestacion-por-viudedad\">5. <strong>\u00bfPuede aumentar la prestaci\u00f3n por viudedad?<\/strong><\/h2>\n\n\n\n<h3 class=\"wp-block-heading\" id=\"5-1-revalorizacion-de-la-pension-por-viudedad-con-el-ipc\">5.1. <strong>Revalorizaci\u00f3n de la pensi\u00f3n por viudedad con el IPC<\/strong><\/h3>\n\n\n\n<p>Las pensiones por viudedad, al igual que las pensiones por jubilaci\u00f3n, est\u00e1n sujetas a la revalorizaci\u00f3n del IPC, por lo que cambian anualmente de acuerdo con la subida o bajada de precios. En 2022, la subida ha sido de un 2\u20195%.<\/p>\n\n\n\n<h3 class=\"wp-block-heading\" id=\"5-2-accidentes-laborales-y-enfermedades-profesionales\">5.2. <strong>Accidentes Laborales y Enfermedades Profesionales<\/strong><\/h3>\n\n\n\n<p>La cuant\u00eda puede aumentar en casos de Accidente de Trabajo o Enfermedad Profesional. La cuant\u00eda va desde un 30 a un 50% y ser\u00e1 abonada directamente por la empresa que haya cometido la infracci\u00f3n.<\/p>\n\n\n\n<h3 class=\"wp-block-heading\" id=\"5-3-brecha-de-genero\">5.3. <strong>Brecha de G\u00e9nero<\/strong><\/h3>\n\n\n\n<p>En el caso de las mujeres, existe un suplemento para ayudar a luchar contra la brecha de g\u00e9nero. Este intenta compensar la discriminaci\u00f3n sufrida por las mujeres en el campo laboral a consecuencia de la maternidad. Se podr\u00e1n acoger a este incremento las mujeres que acrediten:<\/p>\n\n\n\n<ol class=\"wp-block-list\"><li>Haber sido madre antes del 31 de diciembre de 1994 y contar con menos de 120 d\u00edas cotizados los 9 meses antes del nacimiento o, en el caso de adopci\u00f3n, desde la concesi\u00f3n de la adopci\u00f3n hasta los 3 a\u00f1os despu\u00e9s de la llegada del ni\u00f1o.<\/li><li>Haber sido madre despu\u00e9s del 1 de enero de 1995 y que la base de cotizaci\u00f3n del a\u00f1o siguiente al nacimiento o la adopci\u00f3n sea como m\u00ednimo un 15% inferior a la base del a\u00f1o anterior.<\/li><\/ol>\n\n\n\n<div class=\"wp-block-image\"><figure class=\"aligncenter size-large\"><img decoding=\"async\" width=\"410\" height=\"1024\" src=\"https:\/\/miresi.es\/blog\/wp-content\/uploads\/2022\/01\/viudedad-3-410x1024.png\" alt=\"Infograf\u00eda con tabla sobre el suplemento contra la brecha de g\u00e9nero en la pensi\u00f3n de viudedad\" class=\"wp-image-8885\" srcset=\"https:\/\/miresiblog.imgix.net\/uploads\/2022\/01\/viudedad-3.png?auto=format%2Ccompress&fit=crop&h=1024&ixlib=php-3.3.0&w=410&s=66e84c24d2022b21001e3e7d9633f5eb 410w, https:\/\/miresiblog.imgix.net\/uploads\/2022\/01\/viudedad-3.png?auto=format%2Ccompress&fit=crop&h=300&ixlib=php-3.3.0&w=120&s=793b8e1cacbfaeaee5d5026b5ce43390 120w, https:\/\/miresiblog.imgix.net\/uploads\/2022\/01\/viudedad-3.png?auto=format%2Ccompress&fit=crop&h=1920&ixlib=php-3.3.0&w=768&s=3cb4c4038b4e2dda4bf319d476792c56 768w, https:\/\/miresiblog.imgix.net\/uploads\/2022\/01\/viudedad-3.png?auto=format%2Ccompress&fit=crop&h=900&ixlib=php-3.3.0&w=360&s=eca2ecb727510a9bab3f2ba18abf9f5c 360w, https:\/\/miresiblog.imgix.net\/uploads\/2022\/01\/viudedad-3.png?auto=format%2Ccompress&ixlib=php-3.3.0&w=240&s=e3bfb381d7b2ecee30fb94aa13a18bf1 240w\" sizes=\"(max-width: 410px) 100vw, 410px\" \/><figcaption>Cuant\u00eda del suplemento a la pensi\u00f3n de viudedad por la brecha de g\u00e9nero<\/figcaption><\/figure><\/div>\n\n\n\n<h2 class=\"wp-block-heading\" id=\"6-se-pueden-pagar-unos-cuidados-de-calidad-con-la-pension-por-viudedad\">6. <strong>\u00bfSe pueden pagar unos cuidados de calidad con la pensi\u00f3n por viudedad?<\/strong><\/h2>\n\n\n\n<p>En muchas ocasiones, las personas que quedan viudas, acaban en situaci\u00f3n de dependencia o necesitando unos cuidados. El fallecimiento de un c\u00f3nyuge hace que muchos mayores no puedan, o no quieran, vivir solos. Es por ello, que una opci\u00f3n para evitar la soledad y asegurar su bienestar es buscar una residencia de mayores. Con la pensi\u00f3n de viudedad, y dependiendo de otros factores, es posible poder encontrar unos cuidados de calidad.\u00a0<\/p>\n\n\n\n<p>Para ello, miResi te ofrece ayuda personalizada, tanto de b\u00fasqueda como financiera para poder encontrar los mejores cuidados para tu familiar.\u00a0<\/p>\n\n\n\n<p>Ponte en contacto con nosotros y te ayudaremos gratuitamente a encontrar tu residencia ideal.<\/p>\n\n\n\n<div class=\"wp-block-buttons is-horizontal is-content-justification-center is-layout-flex wp-container-core-buttons-is-layout-499968f5 wp-block-buttons-is-layout-flex\">\n<div class=\"wp-block-button is-style-fill\"><a href=\"https:\/\/miresi.es\/como-se-paga-una-residencia-de-ancianos\/\"  target=\"_blank\" rel=\"noreferrer noopener\"  target=\"_blank\" rel=\"noreferrer noopener\">pide ayuda<\/a><\/div>\n<\/div>\n\n\n\n<p class=\"has-small-font-size\">Fuentes:<\/p>\n\n\n\n<ul class=\"has-small-font-size wp-block-list\"><li>Seguridad Social: <a href=\"https:\/\/www.seg-social.es\/wps\/portal\/wss\/internet\/Trabajadores\/PrestacionesPensionesTrabajadores\/10964\/10966\/28489\/28492#28617\"  target=\"_blank\" rel=\"external nofollow\"  target=\"_blank\" rel=\"noreferrer noopener\"  class=\"wp-links-icon\">https:\/\/www.seg-social.es\/wps\/portal\/wss\/internet\/Trabajadores\/PrestacionesPensionesTrabajadores\/10964\/10966\/28489\/28492#28617<\/a><\/li><li>Revista Seguridad Social: <a href=\"https:\/\/revista.seg-social.es\/2021\/12\/16\/asi-quedan-las-pensiones-para-2022\/\"  target=\"_blank\" rel=\"external nofollow\"  target=\"_blank\" rel=\"noreferrer noopener\"  class=\"wp-links-icon\">https:\/\/revista.seg-social.es\/2021\/12\/16\/asi-quedan-las-pensiones-para-2022\/<\/a><\/li><li>ARAG: <a href=\"https:\/\/www.arag.es\/blog\/derecho-de-familia\/quien-tiene-derecho-a-cobrar-la-pension-de-viudedad-y-como-se-calcula\/\"  target=\"_blank\" rel=\"external nofollow\"  target=\"_blank\" rel=\"noreferrer noopener\"  class=\"wp-links-icon\">https:\/\/www.arag.es\/blog\/derecho-de-familia\/quien-tiene-derecho-a-cobrar-la-pension-de-viudedad-y-como-se-calcula\/<\/a><\/li><\/ul>\n\n\n\n<p><\/p>\n<div style='text-align:center' class='yasr-auto-insert-visitor'><!--Yasr Visitor Votes Shortcode--><div id='yasr_visitor_votes_ac6f49f62bb45' class='yasr-visitor-votes'><div class=\"yasr-custom-text-vv-before yasr-custom-text-vv-before-8849\">\u00a1Haz clic para puntuar esta entrada!<\/div><div id='yasr-vv-second-row-container-ac6f49f62bb45'\r\n                                        class='yasr-vv-second-row-container'><div id='yasr-visitor-votes-rater-ac6f49f62bb45'\r\n                                      class='yasr-rater-stars-vv'\r\n                                      data-rater-postid='8849'\r\n                                      data-rating='0'\r\n                                      data-rater-starsize='32'\r\n                                      data-rater-readonly='false'\r\n                                      data-rater-nonce='df9b54cd3f'\r\n                                      data-issingular='false'\r\n                                    ><\/div><div class=\"yasr-vv-stats-text-container\" id=\"yasr-vv-stats-text-container-ac6f49f62bb45\"><svg xmlns=\"https:\/\/www.w3.org\/2000\/svg\" width=\"20\" height=\"20\"\r\n                                   class=\"yasr-dashicons-visitor-stats\"\r\n                                   data-postid=\"8849\"\r\n                                   id=\"yasr-stats-dashicon-ac6f49f62bb45\">\r\n                                   <path d=\"M18 18v-16h-4v16h4zM12 18v-11h-4v11h4zM6 18v-8h-4v8h4z\"><\/path>\r\n                               <\/svg><span id=\"yasr-vv-text-container-ac6f49f62bb45\" class=\"yasr-vv-text-container\"> (Votos: <span id=\"yasr-vv-votes-number-container-ac6f49f62bb45\">0<\/span>  Promedio: <span id=\"yasr-vv-average-container-ac6f49f62bb45\">0<\/span>)<\/span><\/div><div id='yasr-vv-loader-ac6f49f62bb45' class='yasr-vv-container-loader'><\/div><\/div><div id='yasr-vv-bottom-container-ac6f49f62bb45'\r\n                              class='yasr-vv-bottom-container'\r\n                              style='display:none'><\/div><\/div><!--End Yasr Visitor Votes Shortcode--><\/div>","protected":false},"excerpt":{"rendered":"<p>Desde miResi, queremos facilitar los largos tr\u00e1mites para el acceso a la pensi\u00f3n de viudedad. Te explicamos c\u00f3mo solicitar el tr\u00e1mite paso a paso.  <\/p>\n","protected":false},"author":10,"featured_media":8981,"comment_status":"open","ping_status":"open","sticky":false,"template":"","format":"standard","meta":{"yasr_overall_rating":0,"yasr_post_is_review":"","yasr_auto_insert_disabled":"","yasr_review_type":"","footnotes":""},"categories":[388],"tags":[819,821,814,824,820],"class_list":["post-8849","post","type-post","status-publish","format-standard","has-post-thumbnail","hentry","category-pensiones","tag-ayudas-a-mayores","tag-ayudas-publicas","tag-pension-de-viudedad","tag-proceso-de-acceso-a-pensiones","tag-viudedad"],"yasr_visitor_votes":{"stars_attributes":{"read_only":false,"span_bottom":false},"number_of_votes":0,"sum_votes":0},"_links":{"self":[{"href":"https:\/\/miresi.es\/blog\/wp-json\/wp\/v2\/posts\/8849","targetHints":{"allow":["GET"]}}],"collection":[{"href":"https:\/\/miresi.es\/blog\/wp-json\/wp\/v2\/posts"}],"about":[{"href":"https:\/\/miresi.es\/blog\/wp-json\/wp\/v2\/types\/post"}],"author":[{"embeddable":true,"href":"https:\/\/miresi.es\/blog\/wp-json\/wp\/v2\/users\/10"}],"replies":[{"embeddable":true,"href":"https:\/\/miresi.es\/blog\/wp-json\/wp\/v2\/comments?post=8849"}],"version-history":[{"count":16,"href":"https:\/\/miresi.es\/blog\/wp-json\/wp\/v2\/posts\/8849\/revisions"}],"predecessor-version":[{"id":24956,"href":"https:\/\/miresi.es\/blog\/wp-json\/wp\/v2\/posts\/8849\/revisions\/24956"}],"wp:featuredmedia":[{"embeddable":true,"href":"https:\/\/miresi.es\/blog\/wp-json\/wp\/v2\/media\/8981"}],"wp:attachment":[{"href":"https:\/\/miresi.es\/blog\/wp-json\/wp\/v2\/media?parent=8849"}],"wp:term":[{"taxonomy":"category","embeddable":true,"href":"https:\/\/miresi.es\/blog\/wp-json\/wp\/v2\/categories?post=8849"},{"taxonomy":"post_tag","embeddable":true,"href":"https:\/\/miresi.es\/blog\/wp-json\/wp\/v2\/tags?post=8849"}],"curies":[{"name":"wp","href":"https:\/\/api.w.org\/{rel}","templated":true}]}}