{"id":8994,"date":"2022-01-19T11:18:59","date_gmt":"2022-01-19T10:18:59","guid":{"rendered":"https:\/\/miresi.es\/blog\/?p=8994"},"modified":"2026-04-23T18:16:59","modified_gmt":"2026-04-23T17:16:59","slug":"pensiones-2022-todo-lo-que-necesitas-saber","status":"publish","type":"post","link":"https:\/\/miresi.es\/blog\/pensiones-2022-todo-lo-que-necesitas-saber\/","title":{"rendered":"Pensiones 2022: Todo lo que Necesitas Saber"},"content":{"rendered":"\n<p>Empieza el a\u00f1o y con \u00e9l llegan los cambios en las <strong>pensiones 2022<\/strong>. Las pensiones son una forma de ofrecer <strong>seguridad<\/strong> a las <strong>personas mayores<\/strong> en el estado del bienestar. Una compensaci\u00f3n econ\u00f3mica por su trabajo y esfuerzo de tantos a\u00f1os. Las pensiones son uno de los pilares fundamentales para la estabilidad econ\u00f3mica de las personas mayores.<\/p>\n\n\n\n<p>Sin embargo, las pensiones se encuentran bajo amenaza. Las sucesivas crisis econ\u00f3micas y la mala gesti\u00f3n pol\u00edtica ha mermado la bolsa de las pensiones, haciendo que cada vez sea m\u00e1s dif\u00edcil cubrir las pensiones de la poblaci\u00f3n mayor, cada vez m\u00e1s numerosa.\u00a0<\/p>\n\n\n\n<p>En <a href=\"https:\/\/miresi.es\/\"  target=\"_blank\" rel=\"noreferrer noopener\"  target=\"_blank\" rel=\"noreferrer noopener\">miResi<\/a> sabemos la importancia que tienen las pensiones en la seguridad de las personas mayores. Repasamos aqu\u00ed los \u00faltimos cambios y la situaci\u00f3n actual de las pensiones 2022.<\/p>\n\n\n\n<div class=\"wp-block-buttons is-horizontal is-content-justification-center is-layout-flex wp-container-core-buttons-is-layout-499968f5 wp-block-buttons-is-layout-flex\">\n<div class=\"wp-block-button\"><a href=\"https:\/\/miresi.es\/buscador\/\"  rel=\"noreferrer noopener\"  rel=\"noreferrer noopener\">encuentra tu residencia ideal<\/a><\/div>\n<\/div>\n\n\n\n<div style=\"height:9px\" aria-hidden=\"true\" class=\"wp-block-spacer\"><\/div>\n\n\n\n<h2 class=\"wp-block-heading\" id=\"1-situacion-de-las-pensiones-2022\">1. Situaci\u00f3n de las pensiones 2022<\/h2>\n\n\n\n<p>Las pensiones actualmente se encuentran en un equilibrio precario. Las sucesivas recesiones econ\u00f3micas y la mala gesti\u00f3n pol\u00edtica han vaciado cada vez m\u00e1s la bolsa de las pensiones. Esto, sumado al aumento de la esperanza de vida y al crecimiento de la poblaci\u00f3n envejecida, pone en riesgo una de las bases de nuestro <strong>estado del bienestar<\/strong>: las pensiones.<\/p>\n\n\n\n<p>Si bien es cierto que las pensiones se encuentran amenazadas por una situaci\u00f3n poco estable, siguen funcionando y el Gobierno sigue financi\u00e1ndolas como buenamente puede. En los <strong>Presupuestos Generales para el Estado de 2022<\/strong>, una tercera parte del dinero va destinado a cubrir las pensiones. <strong>Uno de cada tres euros<\/strong> del dinero estatal cubrir\u00e1 las subvenciones a las personas mayores.<\/p>\n\n\n\n<figure class=\"wp-block-image size-large\"><img decoding=\"async\" width=\"1024\" height=\"683\" src=\"https:\/\/miresi.es\/blog\/wp-content\/uploads\/2022\/01\/reading-relaxation-pension-grandfather-coffee-conc-2021-08-26-23-58-14-utc-1-1024x683.jpg\" alt=\"pensiones 2022 mayores\" class=\"wp-image-9012\" srcset=\"https:\/\/miresiblog.imgix.net\/uploads\/2022\/01\/reading-relaxation-pension-grandfather-coffee-conc-2021-08-26-23-58-14-utc-1-scaled.jpg?auto=format%2Ccompress&fit=crop&h=683&ixlib=php-3.3.0&w=1024&s=607bec3772a0a7ded4da5de275d8801e 1024w, https:\/\/miresiblog.imgix.net\/uploads\/2022\/01\/reading-relaxation-pension-grandfather-coffee-conc-2021-08-26-23-58-14-utc-1-scaled.jpg?auto=format%2Ccompress&fit=crop&h=200&ixlib=php-3.3.0&w=300&s=0f5d387355d2ee93e66345610438ad5d 300w, https:\/\/miresiblog.imgix.net\/uploads\/2022\/01\/reading-relaxation-pension-grandfather-coffee-conc-2021-08-26-23-58-14-utc-1-scaled.jpg?auto=format%2Ccompress&fit=crop&h=513&ixlib=php-3.3.0&w=768&s=2866939cf28af2d42d689d86ded313a7 768w, https:\/\/miresiblog.imgix.net\/uploads\/2022\/01\/reading-relaxation-pension-grandfather-coffee-conc-2021-08-26-23-58-14-utc-1-scaled.jpg?auto=format%2Ccompress&fit=crop&h=1025&ixlib=php-3.3.0&w=1536&s=5caf2078ea37b3c72e69a576cd8803b3 1536w, https:\/\/miresiblog.imgix.net\/uploads\/2022\/01\/reading-relaxation-pension-grandfather-coffee-conc-2021-08-26-23-58-14-utc-1-scaled.jpg?auto=format%2Ccompress&fit=crop&h=1367&ixlib=php-3.3.0&w=2048&s=a96f950aa7f967ab8b62862695e3ab3f 2048w, https:\/\/miresiblog.imgix.net\/uploads\/2022\/01\/reading-relaxation-pension-grandfather-coffee-conc-2021-08-26-23-58-14-utc-1-scaled.jpg?auto=format%2Ccompress&fit=crop&h=240&ixlib=php-3.3.0&w=360&s=7dcf73877cd7edc7ba08d90a8a236f78 360w, https:\/\/miresiblog.imgix.net\/uploads\/2022\/01\/reading-relaxation-pension-grandfather-coffee-conc-2021-08-26-23-58-14-utc-1-scaled.jpg?auto=format%2Ccompress&ixlib=php-3.3.0&w=899&s=14a39f70809c5d643e1c1d66b6e0d009 899w\" sizes=\"(max-width: 1024px) 100vw, 1024px\" \/><figcaption>Unas pensiones 2022 justas son una garant\u00eda de bienestar para nuestros mayores.<\/figcaption><\/figure>\n\n\n\n<p>Esto supone en parte una buena noticia, la administraci\u00f3n p\u00fablica va a seguir financiando algo tan necesario como lo son las pensiones. De todos modos, la situaci\u00f3n es preocupante. Las pensiones cada vez cuestan m\u00e1s y las arcas p\u00fablicas cada vez cuentan con menos dinero destinado exclusivamente para ellas.<\/p>\n\n\n\n<p>El futuro econ\u00f3mico de los mayores se encuentra entonces en un equilibrio delicado. Se mantiene en orden pero ser\u00e1 necesaria la cotizaci\u00f3n de las generaciones m\u00e1s j\u00f3venes para que as\u00ed se mantenga. Con los problemas de desempleo, especialmente el juvenil, el panorama de las pensiones no parece demasiado alentador.<\/p>\n\n\n\n<p>El equilibrio en el que se encuentran las pensiones est\u00e1 sujeto a riesgos como futuros cambios econ\u00f3micos, sociales o demogr\u00e1ficos. Es posible que dentro de unos cuantos a\u00f1os el sistema de pensiones cambie a un modelo similar al que se encuentra actualmente en otros pa\u00edses europeos. Un modelo mixto en el que las pensiones p\u00fablicas solamente cubren una parte de las necesidades de las personas mayores. Esto les hace dependientes de los ahorros que hayan podido acumular a lo largo de su vida, aumentando la vulnerabilidad econ\u00f3mica en la vejez.<\/p>\n\n\n\n<p>Por suerte, este cambio en caso de llegar a producirse se encuentra lejano. Puede haber muchas cr\u00edticas a la situaci\u00f3n econ\u00f3mica, pol\u00edtica o social del pa\u00eds, pero lo cierto es que contamos con uno de los mejores sistemas de pensiones del mundo. Aunque sea a corto plazo, hoy en d\u00eda se garantiza una cobertura de la vejez conforme a los a\u00f1os trabajados que en muchos otros lugares envidian.<\/p>\n\n\n\n<h2 class=\"wp-block-heading\" id=\"2-ultimos-cambios-en-las-pensiones-2022\">2. \u00daltimos cambios en las pensiones 2022<\/h2>\n\n\n\n<p>Uno de los principales cambios en las pensiones 2022 es el final de la llamada <strong>paguilla<\/strong>. Este pago extra supon\u00eda una ayuda adicional a los pensionistas que trataba de equiparar el incremento de los precios y sumarlo a sus pensiones. Esta ser\u00e1 la \u00faltima paguilla prevista, ya que en las nuevas pensiones estar\u00e1 contemplado el encarecimiento de los precios.<\/p>\n\n\n\n<p>La paguilla se cobrar\u00e1 en la <strong>segunda quincena de enero<\/strong> de 2022. Este ingreso extra en teor\u00eda es el equivalente al incremento de los precios en 2021 sobre las pensiones que est\u00e9n percibiendo los mayores. Puesto que las pensiones en 2021 ya subieron un 0,9% y la inflaci\u00f3n de ese a\u00f1o se estima en un 2,5 %, la paguilla que recibir\u00e1n los mayores estar\u00eda en torno al 1,6% de su pensi\u00f3n. Traducido en euros, un pensionista que cobre alrededor de 1.000 euros al mes recibir\u00eda una paguilla de <strong>unos 225 euros<\/strong>.<\/p>\n\n\n\n<p>Como decimos, en teor\u00eda esta ser\u00e1 la \u00faltima paguilla, ya que desde el 2022 las pensiones subir\u00e1n para hacer frente al incremento de los precios. La subida de las pensiones va en la l\u00ednea de esta inflaci\u00f3n, rondando el 2,5% seg\u00fan los datos que estima el Gobierno.\u00a0<\/p>\n\n\n\n<p>Sin embargo, conviene marcar las diferentes formas en las que se est\u00e1 encareciendo la vida si queremos ofrecer una imagen realista de cu\u00e1nto deber\u00edan subir las pensiones. La inflaci\u00f3n en Espa\u00f1a en 2021 se situ\u00f3 en un <a href=\"https:\/\/elpais.com\/economia\/2022-01-14\/la-inflacion-cerro-el-ano-en-el-65-el-mayor-nivel-desde-1992.html#:~:text=La%20inflaci%C3%B3n%20cerr%C3%B3%202021%20en,cifra%20de%20hace%20dos%20semanas.\"  target=\"_blank\" rel=\"external nofollow\"  target=\"_blank\" rel=\"noreferrer noopener nofollow\"  class=\"wp-links-icon\">6,5%<\/a>. Esto supone la mayor subida de los precios desde la registrada en 1992. Este encarecimiento de la vida en nuestro pa\u00eds se debe a multitud de factores. La brutal escalada de precios en el mercado energ\u00e9tico, el desabastecimiento internacional de ciertos productos por problemas comerciales o la crisis econ\u00f3mica derivada del Covid no han hecho ning\u00fan favor a la ya debilitada econom\u00eda espa\u00f1ola.<\/p>\n\n\n\n<p>Habiendo <a href=\"https:\/\/www.eldiario.es\/economia\/ipc-cierra-2021-6-5-decimas-debajo-esperado-sigue-maximos-29-anos_1_8654905.html#:~:text=de%20Juanlu%20S%C3%A1nchez-,El%20IPC%20cierra%202021%20en%20el%206%2C5%25%2C%20dos,en%20m%C3%A1ximos%20de%2029%20a%C3%B1os\"  target=\"_blank\" rel=\"external nofollow\"  target=\"_blank\" rel=\"noreferrer noopener nofollow\"  class=\"wp-links-icon\">subido el <strong>\u00cdndice de Precios de Consumo<\/strong><\/a> (IPC) un 6,5% en 2021 \u00bfPor qu\u00e9 las pensiones de 2022 solo suben alrededor del 2,5%? La <strong>Seguridad Social<\/strong> ha calculado el incremento de las pensiones tomando como referencia la media del IPC entre diciembre de 2020 y noviembre de 2021. Habi\u00e9ndose registrado la mayor inflaci\u00f3n en diciembre de 2021, al acotar as\u00ed las cifras reducen en gran medida el aumento real que deber\u00eda registrarse en las pensiones. Aunque esto pueda parecer una trampa, es m\u00e1s bien un truco. Esta medida ha sido consensuada con los agentes sociales y aprobada en el <strong>Pacto de Toledo<\/strong>, de modo que cuenta con el benepl\u00e1cito del Gobierno, los partidos parlamentarios y los sindicatos.<\/p>\n\n\n\n<p>Injusta o no, la <strong>subida<\/strong> de las pensiones de 2022 se traduce en un <strong>2,5%<\/strong> para la mayor\u00eda de los pensionistas. Para los beneficiarios de pensiones m\u00ednimas, pensiones no contributivas o del ingreso m\u00ednimo vital, la subida de la subvenci\u00f3n a percibir ser\u00e1 del<strong> 3%<\/strong>.<\/p>\n\n\n\n<p>Con la nueva subida de las pensiones, la pensi\u00f3n m\u00e1xima a percibir quedar\u00e1 en 39.474 euros anuales, divididos en 14 pagas. La pensi\u00f3n m\u00ednima de jubilaci\u00f3n ser\u00e1 de 10.103,8 euros, divididos en 14 pagas de 721,7 euros. En el caso de tener a un c\u00f3nyuge o persona a su cargo, el jubilado cobrar\u00eda una pensi\u00f3n m\u00ednima de 12.467 euros, dividida en 14 pagas de 890,5 euros.<\/p>\n\n\n\n<div class=\"wp-block-buttons is-horizontal is-content-justification-center is-layout-flex wp-container-core-buttons-is-layout-499968f5 wp-block-buttons-is-layout-flex\">\n<div class=\"wp-block-button\"><a href=\"https:\/\/miresi.es\/buscador\/\"  rel=\"noreferrer noopener\"  rel=\"noreferrer noopener\">recibe atenci\u00f3n personalizada y gratuita<\/a><\/div>\n<\/div>\n\n\n\n<p>Esta subida de las pensiones trata de mantener el poder adquisitivo de las personas mayores frente a la inflaci\u00f3n. Este aumento sustituir\u00e1 a la paguilla destinada hasta ahora al mismo fin, ya que ese importe extra estar\u00e1 contemplado directamente en la subida de las pensiones.<\/p>\n\n\n\n<p>Se espera que las pensiones sigan subiendo conforme aumenta el IPC, de modo que el poder adquisitivo de las personas mayores no se resienta y puedan seguir haciendo frente a sus gastos sin mayor problema. Si bien esta es una gran medida para mantener la calidad de vida de las personas mayores, tambi\u00e9n genera preocupaci\u00f3n.<\/p>\n\n\n\n<p>Como hemos visto, las pensiones en 2022 han supuesto una tercera parte de la cantidad total reflejada en los Presupuestos Generales del Estado. Si la econom\u00eda no remonta y la crisis econ\u00f3mica sigue encareciendo los precios, el desembolso relativo a las pensiones ser\u00e1 cada vez mayor y las reservas en las arcas p\u00fablicas cada vez menor.<\/p>\n\n\n\n<p>Lo que est\u00e1 claro es que para poder hacer frente al delicado equilibrio de las pensiones es necesaria una mayor inversi\u00f3n. Reformas econ\u00f3micas, mejor adaptaci\u00f3n al mercado internacional y un plan directo para <strong>reactivar el empleo<\/strong> son pasos necesarios para que las pensiones se sustenten en una base s\u00f3lida en vez de cubrirse a\u00f1o tras a\u00f1o a base de rentas.<\/p>\n\n\n\n<p>Lo que tambi\u00e9n est\u00e1 claro es que es necesario asegurar una estabilidad econ\u00f3mica a las personas mayores, y que este tipo de problemas no deber\u00edan ser una preocupaci\u00f3n para ellos. Nuestros mayores ya han cumplido con su parte. Han trabajado y aportado a nuestra sociedad, ahora es el momento de que nosotros cuidemos de ellos y protejamos los derechos que se merecen.<\/p>\n\n\n\n<h2 class=\"wp-block-heading\" id=\"3-polemica-en-la-reforma-de-las-pensiones-2022\">3. Pol\u00e9mica en la reforma de las pensiones 2022<\/h2>\n\n\n\n<p>La nueva reforma de las pensiones de la mano de <strong>Jose Luis Escriv\u00e1<\/strong>, Ministro de Inclusi\u00f3n, Seguridad Social y Migraciones, no est\u00e1 exenta de pol\u00e9micas. Ya antes de sacar adelante la reforma, Escriv\u00e1 ocup\u00f3 varios titulares con sus especulaciones respecto a retrasar la edad de jubilaci\u00f3n.<\/p>\n\n\n\n<p>Como ya hemos visto, el sistema de pensiones se encuentra en un equilibrio delicado. Con cada vez m\u00e1s pensionistas y menor proporci\u00f3n de afiliados a la Seguridad Social, retrasar la edad de jubilaci\u00f3n ser\u00eda el paso m\u00e1s l\u00f3gico para mantener la bolsa de las pensiones a flote. Es comprensible que esta noticia no fuera del agrado de mucha gente, ya que pocas personas est\u00e1n dispuestas a jubilarse m\u00e1s tarde.<\/p>\n\n\n\n<p>En 2022 para cobrar el total de la pensi\u00f3n correspondiente, habr\u00e1 que jubilarse a los <strong>66 a\u00f1os y 2 meses<\/strong>. La idea del Gobierno es que cada a\u00f1o <strong>aumente 2 meses<\/strong> la edad necesaria para una jubilaci\u00f3n completa. Otro cambio en esta l\u00ednea es el n\u00famero de a\u00f1os cotizados necesarios para jubilarse, que tambi\u00e9n aumenta. En 2022, el per\u00edodo cotizado necesario para recibir una jubilaci\u00f3n completa ser\u00e1 de <strong>37 a\u00f1os y 6 meses<\/strong>.<\/p>\n\n\n\n<p>La idea del Ministro de Seguridad Social es que la cifra de a\u00f1os cotizados tambi\u00e9n siga aumentando paulatinamente. En 2027 se espera que la edad de jubilaci\u00f3n sea los 67 a\u00f1os, habiendo cotizado 38 a\u00f1os y 6 meses. Aumentando 2 meses al a\u00f1o ambas cifras se espera paliar el desequilibrio en las cotizaciones que amenaza a las pensiones.<\/p>\n\n\n\n<figure class=\"wp-block-image size-large\"><img decoding=\"async\" width=\"1024\" height=\"683\" src=\"https:\/\/miresi.es\/blog\/wp-content\/uploads\/2022\/01\/smiling-senior-couple-holding-wallet-and-envelope-2021-08-31-14-34-47-utc-1-1024x683.jpg\" alt=\"pensiones 2022 pareja\" class=\"wp-image-9013\" srcset=\"https:\/\/miresiblog.imgix.net\/uploads\/2022\/01\/smiling-senior-couple-holding-wallet-and-envelope-2021-08-31-14-34-47-utc-1-scaled.jpg?auto=format%2Ccompress&fit=crop&h=683&ixlib=php-3.3.0&w=1024&s=5591020fb9979db328c2e68efac15f4c 1024w, https:\/\/miresiblog.imgix.net\/uploads\/2022\/01\/smiling-senior-couple-holding-wallet-and-envelope-2021-08-31-14-34-47-utc-1-scaled.jpg?auto=format%2Ccompress&fit=crop&h=200&ixlib=php-3.3.0&w=300&s=35bd5d95fe37ba41da10432579c0f336 300w, https:\/\/miresiblog.imgix.net\/uploads\/2022\/01\/smiling-senior-couple-holding-wallet-and-envelope-2021-08-31-14-34-47-utc-1-scaled.jpg?auto=format%2Ccompress&fit=crop&h=513&ixlib=php-3.3.0&w=768&s=fa752b2f060f5008b0c2e5eab5e947c1 768w, https:\/\/miresiblog.imgix.net\/uploads\/2022\/01\/smiling-senior-couple-holding-wallet-and-envelope-2021-08-31-14-34-47-utc-1-scaled.jpg?auto=format%2Ccompress&fit=crop&h=1025&ixlib=php-3.3.0&w=1536&s=a41c758918b1c9a8376330481192dc0d 1536w, https:\/\/miresiblog.imgix.net\/uploads\/2022\/01\/smiling-senior-couple-holding-wallet-and-envelope-2021-08-31-14-34-47-utc-1-scaled.jpg?auto=format%2Ccompress&fit=crop&h=1367&ixlib=php-3.3.0&w=2048&s=2ac6a72e224533331a4be1be059a934b 2048w, https:\/\/miresiblog.imgix.net\/uploads\/2022\/01\/smiling-senior-couple-holding-wallet-and-envelope-2021-08-31-14-34-47-utc-1-scaled.jpg?auto=format%2Ccompress&fit=crop&h=240&ixlib=php-3.3.0&w=360&s=5f473462c49fe34a90954f34c9efc3bd 360w, https:\/\/miresiblog.imgix.net\/uploads\/2022\/01\/smiling-senior-couple-holding-wallet-and-envelope-2021-08-31-14-34-47-utc-1-scaled.jpg?auto=format%2Ccompress&ixlib=php-3.3.0&w=899&s=a12a91749fa9f6fb601ed46980fc7db3 899w\" sizes=\"(max-width: 1024px) 100vw, 1024px\" \/><figcaption>Las pensiones son nuestra responsabilidad de devolver a los mayores lo que tanto nos han dado.<\/figcaption><\/figure>\n\n\n\n<p>El tiempo demostrar\u00e1 si esta medida es acertada o no. Lo que est\u00e1 claro es que es necesario implantar medidas para asegurar el futuro de las pensiones y la estabilidad de nuestros mayores. No se puede seguir retrasando indefinidamente la edad de jubilaci\u00f3n. Ya que las pensiones se asientan en la cotizaci\u00f3n de los trabajadores, mientras no se impulse el empleo, la situaci\u00f3n seguir\u00e1 siendo precaria.<\/p>\n\n\n\n<p>Actualmente en Espa\u00f1a contamos con una<strong> tasa de paro superior al 14%<\/strong>. Sin un despegue importante de la econom\u00eda, las pensiones seguir\u00e1n en riesgo. A esto se a\u00f1aden otros problemas que llevan afectando la econom\u00eda de Espa\u00f1a desde hace demasiado tiempo, como el despilfarro p\u00fablico y la corrupci\u00f3n pol\u00edtica, que han ido mermando la bolsa de las pensiones.<\/p>\n\n\n\n<h2 class=\"wp-block-heading\" id=\"4-el-compromiso-de-miresi-con-los-pensionistas\">4. El compromiso de miResi con los pensionistas<\/h2>\n\n\n\n<p>En <strong>miResi<\/strong> conocemos las complicaciones asociadas al envejecimiento. Como expertos en las <strong>personas mayores<\/strong>, sabemos lo necesarias que son las pensiones para la <strong>seguridad<\/strong> y estabilidad de la tercera edad. Despu\u00e9s de una vida trabajando, los mayores se han ganado a pulso este merecido descanso.<\/p>\n\n\n\n<p>No solo por sus m\u00e9ritos, tambi\u00e9n por necesidad, las personas mayores merecen pensiones justas. La vejez va asociada muchas veces a un deterioro f\u00edsico y cognitivo, con la aparici\u00f3n de diferentes patolog\u00edas. Al hacernos mayores no podemos hacer frente a las mismas cargas y la vida laboral no deber\u00eda ser una de las preocupaciones imperantes.\u00a0<\/p>\n\n\n\n<p>Nuestra responsabilidad es cuidar de las personas mayores tanto como ellos han cuidado de nosotros a lo largo de su vida. Por eso, adem\u00e1s de ofrecer informaci\u00f3n de ayuda e inter\u00e9s a las personas mayores, hacemos mucho m\u00e1s.<\/p>\n\n\n\n<p>Contamos con una <a href=\"https:\/\/miresi.es\/buscador\/\"  rel=\"noreferrer noopener\"  rel=\"noreferrer noopener\">amplia red de residencias<\/a> en toda Espa\u00f1a para poder ofrecer un <strong>segundo hogar<\/strong> a las personas mayores. Estamos comprometidos con garantizar el bienestar de las personas mayores, aportando la mejor calidad en los cuidados seleccionados.<\/p>\n\n\n\n<p>Disponemos de un maravilloso equipo humano de asesoramiento familiar que te ayudar\u00e1 a tomar la mejor decisi\u00f3n. Sabemos que no es f\u00e1cil buscar una residencia para tus seres queridos, pero tambi\u00e9n entendemos que hay ocasiones en las que es la mejor opci\u00f3n. Estamos aqu\u00ed para acompa\u00f1arte y facilitar este proceso. Te ofrecemos <strong>atenci\u00f3n personalizada y gratuita<\/strong> para que ni a ti ni a tu mayor os falte de nada.<\/p>\n\n\n\n<p>Si buscas una <strong>residencia para personas mayores<\/strong>, no dudes en contactar con nosotros. Estaremos encantados de ayudarte.<\/p>\n\n\n\n<p>\ud83d\udc9a \u00a1Te damos la bienvenida a miResi! \ud83d\udc9a<\/p>\n\n\n\n<div class=\"wp-block-buttons is-horizontal is-content-justification-center is-layout-flex wp-container-core-buttons-is-layout-499968f5 wp-block-buttons-is-layout-flex\">\n<div class=\"wp-block-button\"><a href=\"https:\/\/miresi.es\/buscador\/\"  rel=\"noreferrer noopener\"  rel=\"noreferrer noopener\">\u00bfnecesitas ayuda?<\/a><\/div>\n<\/div>\n\n\n\n<p class=\"has-cyan-bluish-gray-color has-text-color\" style=\"font-size:10px\">Fuentes<\/p>\n\n\n\n<p class=\"has-cyan-bluish-gray-color has-text-color\" style=\"font-size:10px\">El Pa\u00eds: <a href=\"https:\/\/elpais.com\/economia\/2022-01-14\/la-inflacion-cerro-el-ano-en-el-65-el-mayor-nivel-desde-1992.html#:~:text=La%20inflaci%C3%B3n%20cerr%C3%B3%202021%20en,cifra%20de%20hace%20dos%20semanas\"  target=\"_blank\" rel=\"external nofollow\"  target=\"_blank\" rel=\"noreferrer noopener nofollow\"  class=\"wp-links-icon\">https:\/\/elpais.com\/economia\/2022-01-14\/la-inflacion-cerro-el-ano-en-el-65-el-mayor-nivel-desde-1992.html#:~:text=La%20inflaci%C3%B3n%20cerr%C3%B3%202021%20en,cifra%20de%20hace%20dos%20semanas<\/a>.<\/p>\n\n\n\n<p class=\"has-cyan-bluish-gray-color has-text-color\" style=\"font-size:10px\">El Diario: <a href=\"https:\/\/www.eldiario.es\/economia\/ipc-cierra-2021-6-5-decimas-debajo-esperado-sigue-maximos-29-anos_1_8654905.html#:~:text=de%20Juanlu%20S%C3%A1nchez-,El%20IPC%20cierra%202021%20en%20el%206%2C5%25%2C%20dos,en%20m%C3%A1ximos%20de%2029%20a%C3%B1os\"  target=\"_blank\" rel=\"external nofollow\"  target=\"_blank\" rel=\"noreferrer noopener nofollow\"  class=\"wp-links-icon\">https:\/\/www.eldiario.es\/economia\/ipc-cierra-2021-6-5-decimas-debajo-esperado-sigue-maximos-29-anos_1_8654905.html#:~:text=de%20Juanlu%20S%C3%A1nchez-,El%20IPC%20cierra%202021%20en%20el%206%2C5%25%2C%20dos,en%20m%C3%A1ximos%20de%2029%20a%C3%B1os<\/a>.<\/p>\n<div style='text-align:center' class='yasr-auto-insert-visitor'><!--Yasr Visitor Votes Shortcode--><div id='yasr_visitor_votes_95257fa2b2063' class='yasr-visitor-votes'><div class=\"yasr-custom-text-vv-before yasr-custom-text-vv-before-8994\">\u00a1Haz clic para puntuar esta entrada!<\/div><div id='yasr-vv-second-row-container-95257fa2b2063'\r\n                                        class='yasr-vv-second-row-container'><div id='yasr-visitor-votes-rater-95257fa2b2063'\r\n                                      class='yasr-rater-stars-vv'\r\n                                      data-rater-postid='8994'\r\n                                      data-rating='3'\r\n                                      data-rater-starsize='32'\r\n                                      data-rater-readonly='false'\r\n                                      data-rater-nonce='df9b54cd3f'\r\n                                      data-issingular='false'\r\n                                    ><\/div><div class=\"yasr-vv-stats-text-container\" id=\"yasr-vv-stats-text-container-95257fa2b2063\"><svg xmlns=\"https:\/\/www.w3.org\/2000\/svg\" width=\"20\" height=\"20\"\r\n                                   class=\"yasr-dashicons-visitor-stats\"\r\n                                   data-postid=\"8994\"\r\n                                   id=\"yasr-stats-dashicon-95257fa2b2063\">\r\n                                   <path d=\"M18 18v-16h-4v16h4zM12 18v-11h-4v11h4zM6 18v-8h-4v8h4z\"><\/path>\r\n                               <\/svg><span id=\"yasr-vv-text-container-95257fa2b2063\" class=\"yasr-vv-text-container\"> (Votos: <span id=\"yasr-vv-votes-number-container-95257fa2b2063\">1<\/span>  Promedio: <span id=\"yasr-vv-average-container-95257fa2b2063\">3<\/span>)<\/span><\/div><div id='yasr-vv-loader-95257fa2b2063' class='yasr-vv-container-loader'><\/div><\/div><div id='yasr-vv-bottom-container-95257fa2b2063'\r\n                              class='yasr-vv-bottom-container'\r\n                              style='display:none'><\/div><\/div><!--End Yasr Visitor Votes Shortcode--><\/div>","protected":false},"excerpt":{"rendered":"<p>Empieza el a\u00f1o y con \u00e9l llegan los cambios en las pensiones 2022. Las pensiones ofrecen seguridad a las personas mayores. Te informamos en miResi.<\/p>\n","protected":false},"author":6,"featured_media":9010,"comment_status":"open","ping_status":"open","sticky":false,"template":"","format":"standard","meta":{"yasr_overall_rating":0,"yasr_post_is_review":"","yasr_auto_insert_disabled":"","yasr_review_type":"","footnotes":""},"categories":[368,388],"tags":[481,77,568,567],"class_list":["post-8994","post","type-post","status-publish","format-standard","has-post-thumbnail","hentry","category-finanzas","category-pensiones","tag-ayudas-economicas-tercera-edad","tag-cuidado-de-personas-mayores","tag-economia","tag-pensiones"],"yasr_visitor_votes":{"stars_attributes":{"read_only":false,"span_bottom":false},"number_of_votes":1,"sum_votes":3},"_links":{"self":[{"href":"https:\/\/miresi.es\/blog\/wp-json\/wp\/v2\/posts\/8994","targetHints":{"allow":["GET"]}}],"collection":[{"href":"https:\/\/miresi.es\/blog\/wp-json\/wp\/v2\/posts"}],"about":[{"href":"https:\/\/miresi.es\/blog\/wp-json\/wp\/v2\/types\/post"}],"author":[{"embeddable":true,"href":"https:\/\/miresi.es\/blog\/wp-json\/wp\/v2\/users\/6"}],"replies":[{"embeddable":true,"href":"https:\/\/miresi.es\/blog\/wp-json\/wp\/v2\/comments?post=8994"}],"version-history":[{"count":10,"href":"https:\/\/miresi.es\/blog\/wp-json\/wp\/v2\/posts\/8994\/revisions"}],"predecessor-version":[{"id":24955,"href":"https:\/\/miresi.es\/blog\/wp-json\/wp\/v2\/posts\/8994\/revisions\/24955"}],"wp:featuredmedia":[{"embeddable":true,"href":"https:\/\/miresi.es\/blog\/wp-json\/wp\/v2\/media\/9010"}],"wp:attachment":[{"href":"https:\/\/miresi.es\/blog\/wp-json\/wp\/v2\/media?parent=8994"}],"wp:term":[{"taxonomy":"category","embeddable":true,"href":"https:\/\/miresi.es\/blog\/wp-json\/wp\/v2\/categories?post=8994"},{"taxonomy":"post_tag","embeddable":true,"href":"https:\/\/miresi.es\/blog\/wp-json\/wp\/v2\/tags?post=8994"}],"curies":[{"name":"wp","href":"https:\/\/api.w.org\/{rel}","templated":true}]}}