{"id":9058,"date":"2022-01-20T09:40:04","date_gmt":"2022-01-20T08:40:04","guid":{"rendered":"https:\/\/miresi.es\/blog\/?p=9058"},"modified":"2026-04-23T18:16:54","modified_gmt":"2026-04-23T17:16:54","slug":"como-decorar-tu-habitacion-de-residencia","status":"publish","type":"post","link":"https:\/\/miresi.es\/blog\/como-decorar-tu-habitacion-de-residencia\/","title":{"rendered":"\u00bfC\u00f3mo Decorar tu Habitaci\u00f3n de Residencia?"},"content":{"rendered":"\n<p>Es muy importante encontrar la mejor residencia para las personas mayores, pero una vez elegida <strong>\u00bfC\u00f3mo decorar tu habitaci\u00f3n de residencia?<\/strong>\u00a0<\/p>\n\n\n\n<p>Aunque no lo parezca, las habitaciones en las residencias de mayores pueden ser <strong>personalizadas<\/strong>. Unas en mayor grado que otras, pero todas admiten cierto nivel de decoraci\u00f3n personal.<\/p>\n\n\n\n<p>En <a href=\"https:\/\/miresi.es\/\"  target=\"_blank\" rel=\"noreferrer noopener\"  target=\"_blank\" rel=\"noreferrer noopener\">miResi<\/a> compartimos contigo los mejores trucos sobre c\u00f3mo decorar tu habitaci\u00f3n de residencia.<\/p>\n\n\n\n<div class=\"wp-block-buttons is-horizontal is-content-justification-center is-layout-flex wp-container-core-buttons-is-layout-499968f5 wp-block-buttons-is-layout-flex\">\n<div class=\"wp-block-button\"><a href=\"https:\/\/miresi.es\/buscador\/\"  rel=\"noreferrer noopener\"  rel=\"noreferrer noopener\">encuentra tu residencia ideal<\/a><\/div>\n<\/div>\n\n\n\n<div style=\"height:11px\" aria-hidden=\"true\" class=\"wp-block-spacer\"><\/div>\n\n\n\n<h2 class=\"wp-block-heading\" id=\"1-lo-que-necesitas-saber-sobre-como-decorar-tu-habitacion-de-residencia\">1. Lo que necesitas saber sobre c\u00f3mo decorar tu habitaci\u00f3n de residencia<\/h2>\n\n\n\n<p>Las habitaciones en residencias pueden personalizarse para que las personas mayores se sientan como en casa. En las residencias, las habitaciones cuentan con todo lo necesario para que nuestros mayores desarrollen su vida de manera <strong>c\u00f3moda<\/strong> y <strong>segura<\/strong>.<\/p>\n\n\n\n<p>Ya sean habitaciones <strong>individuales<\/strong> o <strong>compartidas<\/strong>, todas ofrecen un espacio confortable para las personas mayores. En la planificaci\u00f3n de la decoraci\u00f3n se apuesta por <strong>espacios libres de barreras<\/strong> arquitect\u00f3nicas para que las personas mayores puedan moverse con autonom\u00eda.<\/p>\n\n\n\n<p>Es com\u00fan que cuenten con <strong>mobiliario adaptado<\/strong> para facilitar la vida de las personas mayores. <strong>Camas articuladas<\/strong>, ba\u00f1os adaptados o tomas de ox\u00edgeno suelen estar presentes en las habitaciones de las residencias para personas mayores.<\/p>\n\n\n\n<p>Tambi\u00e9n suelen contar con decoraci\u00f3n personalizable, como <strong>l\u00e1mparas<\/strong> o <strong>muebles propios<\/strong> permitidos. Adem\u00e1s es frecuente que cuenten con sistemas de comunicaci\u00f3n y entretenimiento para que los mayores disfruten y aprovechen su estancia, como <strong>televisores<\/strong> o <strong>tel\u00e9fonos fijos<\/strong>.<\/p>\n\n\n\n<p>Todo esto ayuda a la comodidad de las personas mayores pero para redactar este art\u00edculo queremos dar un paso m\u00e1s. Apostamos por el bienestar de nuestros mayores y queremos que encuentren en las residencias un <strong>segundo hogar<\/strong>.<\/p>\n\n\n\n<figure class=\"wp-block-image size-large\"><img decoding=\"async\" width=\"1024\" height=\"683\" src=\"https:\/\/miresi.es\/blog\/wp-content\/uploads\/2022\/01\/comfortable-pillow-on-sofa-decoration-interior-of-2021-09-01-07-30-13-utc-1024x683.jpg\" alt=\"c\u00f3mo decorar tu habitaci\u00f3n de residencia cojines\" class=\"wp-image-9063\" srcset=\"https:\/\/miresiblog.imgix.net\/uploads\/2022\/01\/comfortable-pillow-on-sofa-decoration-interior-of-2021-09-01-07-30-13-utc-scaled.jpg?auto=format%2Ccompress&fit=crop&h=683&ixlib=php-3.3.0&w=1024&s=78ddc90e93bfd58a2f1ff3698ff2e32e 1024w, https:\/\/miresiblog.imgix.net\/uploads\/2022\/01\/comfortable-pillow-on-sofa-decoration-interior-of-2021-09-01-07-30-13-utc-scaled.jpg?auto=format%2Ccompress&fit=crop&h=200&ixlib=php-3.3.0&w=300&s=42bb1381a5e795183cb4377ee333ab0f 300w, https:\/\/miresiblog.imgix.net\/uploads\/2022\/01\/comfortable-pillow-on-sofa-decoration-interior-of-2021-09-01-07-30-13-utc-scaled.jpg?auto=format%2Ccompress&fit=crop&h=512&ixlib=php-3.3.0&w=768&s=ccc5e026d808fd62bb7f7a071d0a8138 768w, https:\/\/miresiblog.imgix.net\/uploads\/2022\/01\/comfortable-pillow-on-sofa-decoration-interior-of-2021-09-01-07-30-13-utc-scaled.jpg?auto=format%2Ccompress&fit=crop&h=1024&ixlib=php-3.3.0&w=1536&s=50900494f3a4f449bafa9f284f097b31 1536w, https:\/\/miresiblog.imgix.net\/uploads\/2022\/01\/comfortable-pillow-on-sofa-decoration-interior-of-2021-09-01-07-30-13-utc-scaled.jpg?auto=format%2Ccompress&fit=crop&h=1365&ixlib=php-3.3.0&w=2048&s=60a757eb7152e1b2c1ad57f9158a8e19 2048w, https:\/\/miresiblog.imgix.net\/uploads\/2022\/01\/comfortable-pillow-on-sofa-decoration-interior-of-2021-09-01-07-30-13-utc-scaled.jpg?auto=format%2Ccompress&fit=crop&h=240&ixlib=php-3.3.0&w=360&s=341a65de4a25d35db93d31218ee46816 360w, https:\/\/miresiblog.imgix.net\/uploads\/2022\/01\/comfortable-pillow-on-sofa-decoration-interior-of-2021-09-01-07-30-13-utc-scaled.jpg?auto=format%2Ccompress&ixlib=php-3.3.0&w=900&s=c44c6c82bdb768fa2e02707d53f1be8b 900w\" sizes=\"(max-width: 1024px) 100vw, 1024px\" \/><figcaption>Los cojines son una manera agradable y c\u00f3moda de dar un toque personal a tu habitaci\u00f3n de residencia.<\/figcaption><\/figure>\n\n\n\n<h2 class=\"wp-block-heading\" id=\"2-como-decorar-tu-habitacion-de-residencia-personaliza-tu-espacio\">2. \u00bfC\u00f3mo decorar tu habitaci\u00f3n de residencia? Personaliza tu espacio<\/h2>\n\n\n\n<p>Adem\u00e1s de los muebles y la decoraci\u00f3n incluidos en las habitaciones de residencias para mayores, estas estancias admiten un <strong>toque personal<\/strong> en la decoraci\u00f3n para que los mayores hagan de su espacio un <strong>lugar \u00fanico<\/strong>.<\/p>\n\n\n\n<p>Algo que siempre aporta un toque familiar es el incluir <strong>fotos de sus seres queridos<\/strong>. Hijos, nietos o parejas pueden ocupar un lugar de honor en la mesilla de noche o en el escritorio. As\u00ed los mayores siempre se sentir\u00e1n acompa\u00f1ados por sus familiares. Tambi\u00e9n esto permite seleccionar o incluso confeccionar un <strong>marco<\/strong> ideal para la foto. Seguro que en la <a href=\"https:\/\/miresi.es\/blog\/terapia-ocupacional-en-geriatria\/\"  target=\"_blank\" rel=\"noreferrer noopener\"  target=\"_blank\" rel=\"noreferrer noopener\">terapia ocupacional<\/a> de la residencia cuentan con material para decorar tu marco de fotos y est\u00e1n encantados de ayudarte. Compartimos contigo un tutorial sencillo sobre <a href=\"https:\/\/www.youtube.com\/watch?v=lGrWKMwB02A\"  target=\"_blank\" rel=\"external nofollow\"  target=\"_blank\" rel=\"noreferrer noopener nofollow\"  class=\"wp-links-icon\">c\u00f3mo hacer tu propio marco de fotos<\/a>, por si te gusta la idea.<\/p>\n\n\n\n<p>Tambi\u00e9n es recomendable que los mayores cuenten con <strong>objetos personales<\/strong>. Elementos propios que les recuerden al hogar y que adem\u00e1s les hagan sentir m\u00e1s c\u00f3modos. Aunque la residencia ya cuenta con ellos, tu mayor puede llevar consigo <strong>cojines<\/strong> o <strong>mantas<\/strong> de su hogar que le dar\u00e1n un grado extra de comodidad a la vez que permiten que personalice su espacio.<\/p>\n\n\n\n<p>Otra opci\u00f3n maravillosa son las <strong>plantas<\/strong>. Siempre que la residencia lo permita, el disponer de una planta puede ser una ayuda estupenda para las personas mayores. Desde luego cumplen con una funci\u00f3n decorativa, pero tambi\u00e9n ofrecen mucho m\u00e1s que eso. Cuidar de una planta es un compromiso y verla crecer y florecer es algo reconfortante. Ofrecer estos cuidados mejora el \u00e1nimo y la <strong>autoestima<\/strong> de los mayores de una forma bonita y sencilla.<\/p>\n\n\n\n<figure class=\"wp-block-image size-large\"><img decoding=\"async\" width=\"1024\" height=\"687\" src=\"https:\/\/miresi.es\/blog\/wp-content\/uploads\/2022\/01\/closeup-of-hands-holding-photo-frame-2021-08-27-00-03-59-utc-1-1024x687.jpg\" alt=\"c\u00f3mo decorar tu habitaci\u00f3n de residencia fotos\" class=\"wp-image-9065\" srcset=\"https:\/\/miresiblog.imgix.net\/uploads\/2022\/01\/closeup-of-hands-holding-photo-frame-2021-08-27-00-03-59-utc-1-scaled.jpg?auto=format%2Ccompress&fit=crop&h=687&ixlib=php-3.3.0&w=1024&s=7e82d914969316867fd0ed1450ab9bb3 1024w, https:\/\/miresiblog.imgix.net\/uploads\/2022\/01\/closeup-of-hands-holding-photo-frame-2021-08-27-00-03-59-utc-1-scaled.jpg?auto=format%2Ccompress&fit=crop&h=201&ixlib=php-3.3.0&w=300&s=cca8dc39a1990707d320f34f78b96db7 300w, https:\/\/miresiblog.imgix.net\/uploads\/2022\/01\/closeup-of-hands-holding-photo-frame-2021-08-27-00-03-59-utc-1-scaled.jpg?auto=format%2Ccompress&fit=crop&h=516&ixlib=php-3.3.0&w=768&s=de7a6e612a885f7eeaa3b77a087793af 768w, https:\/\/miresiblog.imgix.net\/uploads\/2022\/01\/closeup-of-hands-holding-photo-frame-2021-08-27-00-03-59-utc-1-scaled.jpg?auto=format%2Ccompress&fit=crop&h=1031&ixlib=php-3.3.0&w=1536&s=45dce477b07ad2b7b23b936c357c7951 1536w, https:\/\/miresiblog.imgix.net\/uploads\/2022\/01\/closeup-of-hands-holding-photo-frame-2021-08-27-00-03-59-utc-1-scaled.jpg?auto=format%2Ccompress&fit=crop&h=1375&ixlib=php-3.3.0&w=2048&s=07bf3edae2cc88be449740c1c41c29f6 2048w, https:\/\/miresiblog.imgix.net\/uploads\/2022\/01\/closeup-of-hands-holding-photo-frame-2021-08-27-00-03-59-utc-1-scaled.jpg?auto=format%2Ccompress&fit=crop&h=242&ixlib=php-3.3.0&w=360&s=6b65059976799b3a1c29012a8ea2ce18 360w, https:\/\/miresiblog.imgix.net\/uploads\/2022\/01\/closeup-of-hands-holding-photo-frame-2021-08-27-00-03-59-utc-1-scaled.jpg?auto=format%2Ccompress&ixlib=php-3.3.0&w=894&s=2ac129800559760275383a25c092e9e9 894w\" sizes=\"(max-width: 1024px) 100vw, 1024px\" \/><figcaption>\u00bfC\u00f3mo decorar tu habitaci\u00f3n de residencia? \u00a1Con fotos de tus seres queridos!<\/figcaption><\/figure>\n\n\n\n<h2 class=\"wp-block-heading\" id=\"3-trucos-a-tener-en-cuenta-sobre-como-decorar-tu-habitacion-de-residencia\">3. Trucos a tener en cuenta sobre c\u00f3mo decorar tu habitaci\u00f3n de residencia<\/h2>\n\n\n\n<p>La decoraci\u00f3n de un espacio como una habitaci\u00f3n de residencia tiene que permitir la comodidad y la <strong>expresi\u00f3n personal<\/strong>. Para esto es importante que se haga al gusto de nuestro mayor, ya que va a ser su habitaci\u00f3n y necesita que est\u00e9 <strong>a su gusto<\/strong>. Tambi\u00e9n tendremos que tener especialmente en cuenta los gustos personales en el caso de las habitaciones compartidas. Lo que le gusta a una persona puede no gustarle a otra y que sea necesario comunicarse y encontrar un equilibrio que satisfaga a ambos.<\/p>\n\n\n\n<p>La comodidad y la <strong>seguridad<\/strong> tambi\u00e9n son dos factores clave que hay que valorar a la hora de decorar una habitaci\u00f3n de residencia. Elementos que dificulten la movilidad, como escabeles o mesillas bajas, pueden ser contraproducentes. Ocurre lo mismo con las velas. Son formas de decoraci\u00f3n estupendas y fuentes de luz natural, pero hay que tener en cuenta que suponen un riesgo de incendios.\u00a0<\/p>\n\n\n\n<p>Antes de decorar la habitaci\u00f3n de tu persona mayor es importante que hables con la residencia. El <strong>personal del centro<\/strong> sabr\u00e1 asesorarte sobre qu\u00e9 es conveniente y qu\u00e9 puede ser perjudicial. Adem\u00e1s, pueden ayudarte a la hora de decorar y hacer que tus seres queridos se sientan todav\u00eda m\u00e1s c\u00f3modos. Hablando con ellos podremos facilitar tanto la estancia del mayor como el trabajo de los profesionales en el centro.<\/p>\n\n\n\n<div class=\"wp-block-buttons is-horizontal is-content-justification-center is-layout-flex wp-container-core-buttons-is-layout-499968f5 wp-block-buttons-is-layout-flex\">\n<div class=\"wp-block-button\"><a href=\"https:\/\/miresi.es\/buscador\/\"  rel=\"noreferrer noopener\"  rel=\"noreferrer noopener\">solicita ayuda personalizada y gratuita<\/a><\/div>\n<\/div>\n\n\n\n<h2 class=\"wp-block-heading\" id=\"4-el-compromiso-miresi-con-la-comodidad-en-las-residencias\">4. El compromiso miResi con la comodidad en las residencias<\/h2>\n\n\n\n<p>En <strong>miResi<\/strong> somos especialistas en las necesidades de las personas mayores. Trabajamos estrechamente con las residencias de ancianos, y queremos garantizar la comodidad de los residentes. Art\u00edculos como este y sobre temas de inter\u00e9s de la tercera edad ayudan, pero en miResi hacemos mucho m\u00e1s que eso.<\/p>\n\n\n\n<p>Contamos con una <a href=\"https:\/\/miresi.es\/buscador\/\"  rel=\"noreferrer noopener\"  rel=\"noreferrer noopener\">amplia red de residencias<\/a> para ofrecer a las personas mayores el mejor espacio posible en el que puedan estar cuidados y c\u00f3modos. Apostamos por el <strong>bienestar de las personas mayores<\/strong>, que siempre han cuidado de nosotros. Ahora nosotros tenemos la oportunidad de devolverles el favor.<\/p>\n\n\n\n<p>Disponemos de un equipo profesional de asesoramiento familiar capacitado para ayudarte a encontrar la residencia ideal para tus necesidades. Te ofrecemos atenci\u00f3n <strong>gratuita<\/strong> y <strong>personalizada<\/strong> para que puedas tomar la mejor decisi\u00f3n posible.<\/p>\n\n\n\n<p>Sabemos que buscar una residencia de mayores para tus seres queridos puede ser un proceso complicado, pero estamos aqu\u00ed para ayudarte. Si tienes alguna duda o necesitas que te asesoremos y escuchemos, no dudes en <a href=\"https:\/\/miresi.es\/buscador\/\"  rel=\"noreferrer noopener\"  rel=\"noreferrer noopener\">contactar con nosotros<\/a>.\u00a0<\/p>\n\n\n\n<p>\ud83d\udc9a \u00a1Te damos la bienvenida a miResi! \ud83d\udc9a<\/p>\n\n\n\n<div class=\"wp-block-buttons is-horizontal is-content-justification-center is-layout-flex wp-container-core-buttons-is-layout-499968f5 wp-block-buttons-is-layout-flex\">\n<div class=\"wp-block-button\"><a href=\"https:\/\/miresi.es\/buscador\/\"  rel=\"noreferrer noopener\"  rel=\"noreferrer noopener\">\u00bfnecesitas ayuda?<\/a><\/div>\n<\/div>\n<div style='text-align:center' class='yasr-auto-insert-visitor'><!--Yasr Visitor Votes Shortcode--><div id='yasr_visitor_votes_ea9f2671c62d7' class='yasr-visitor-votes'><div class=\"yasr-custom-text-vv-before yasr-custom-text-vv-before-9058\">\u00a1Haz clic para puntuar esta entrada!<\/div><div id='yasr-vv-second-row-container-ea9f2671c62d7'\r\n                                        class='yasr-vv-second-row-container'><div id='yasr-visitor-votes-rater-ea9f2671c62d7'\r\n                                      class='yasr-rater-stars-vv'\r\n                                      data-rater-postid='9058'\r\n                                      data-rating='5'\r\n                                      data-rater-starsize='32'\r\n                                      data-rater-readonly='false'\r\n                                      data-rater-nonce='df9b54cd3f'\r\n                                      data-issingular='false'\r\n                                    ><\/div><div class=\"yasr-vv-stats-text-container\" id=\"yasr-vv-stats-text-container-ea9f2671c62d7\"><svg xmlns=\"https:\/\/www.w3.org\/2000\/svg\" width=\"20\" height=\"20\"\r\n                                   class=\"yasr-dashicons-visitor-stats\"\r\n                                   data-postid=\"9058\"\r\n                                   id=\"yasr-stats-dashicon-ea9f2671c62d7\">\r\n                                   <path d=\"M18 18v-16h-4v16h4zM12 18v-11h-4v11h4zM6 18v-8h-4v8h4z\"><\/path>\r\n                               <\/svg><span id=\"yasr-vv-text-container-ea9f2671c62d7\" class=\"yasr-vv-text-container\"> (Votos: <span id=\"yasr-vv-votes-number-container-ea9f2671c62d7\">1<\/span>  Promedio: <span id=\"yasr-vv-average-container-ea9f2671c62d7\">5<\/span>)<\/span><\/div><div id='yasr-vv-loader-ea9f2671c62d7' class='yasr-vv-container-loader'><\/div><\/div><div id='yasr-vv-bottom-container-ea9f2671c62d7'\r\n                              class='yasr-vv-bottom-container'\r\n                              style='display:none'><\/div><\/div><!--End Yasr Visitor Votes Shortcode--><\/div>","protected":false},"excerpt":{"rendered":"<p>Es muy importante encontrar la mejor residencia para las personas mayores, pero una vez elegida \u00bfC\u00f3mo decorar tu habitaci\u00f3n de residencia? Aprende con miResi.<\/p>\n","protected":false},"author":6,"featured_media":9062,"comment_status":"closed","ping_status":"closed","sticky":false,"template":"","format":"standard","meta":{"yasr_overall_rating":0,"yasr_post_is_review":"","yasr_auto_insert_disabled":"","yasr_review_type":"","footnotes":""},"categories":[362],"tags":[483,286,22,409],"class_list":["post-9058","post","type-post","status-publish","format-standard","has-post-thumbnail","hentry","category-residencias-de-mayores","tag-actividades-para-mayores-en-residencias","tag-bienestar-personas-mayores","tag-residencias-de-mayores","tag-terapia-ocupacional-en-residencias"],"yasr_visitor_votes":{"stars_attributes":{"read_only":false,"span_bottom":false},"number_of_votes":1,"sum_votes":5},"_links":{"self":[{"href":"https:\/\/miresi.es\/blog\/wp-json\/wp\/v2\/posts\/9058","targetHints":{"allow":["GET"]}}],"collection":[{"href":"https:\/\/miresi.es\/blog\/wp-json\/wp\/v2\/posts"}],"about":[{"href":"https:\/\/miresi.es\/blog\/wp-json\/wp\/v2\/types\/post"}],"author":[{"embeddable":true,"href":"https:\/\/miresi.es\/blog\/wp-json\/wp\/v2\/users\/6"}],"replies":[{"embeddable":true,"href":"https:\/\/miresi.es\/blog\/wp-json\/wp\/v2\/comments?post=9058"}],"version-history":[{"count":13,"href":"https:\/\/miresi.es\/blog\/wp-json\/wp\/v2\/posts\/9058\/revisions"}],"predecessor-version":[{"id":24952,"href":"https:\/\/miresi.es\/blog\/wp-json\/wp\/v2\/posts\/9058\/revisions\/24952"}],"wp:featuredmedia":[{"embeddable":true,"href":"https:\/\/miresi.es\/blog\/wp-json\/wp\/v2\/media\/9062"}],"wp:attachment":[{"href":"https:\/\/miresi.es\/blog\/wp-json\/wp\/v2\/media?parent=9058"}],"wp:term":[{"taxonomy":"category","embeddable":true,"href":"https:\/\/miresi.es\/blog\/wp-json\/wp\/v2\/categories?post=9058"},{"taxonomy":"post_tag","embeddable":true,"href":"https:\/\/miresi.es\/blog\/wp-json\/wp\/v2\/tags?post=9058"}],"curies":[{"name":"wp","href":"https:\/\/api.w.org\/{rel}","templated":true}]}}