{"id":9248,"date":"2022-01-24T10:23:33","date_gmt":"2022-01-24T09:23:33","guid":{"rendered":"https:\/\/miresi.es\/blog\/?p=9248"},"modified":"2026-04-23T18:16:41","modified_gmt":"2026-04-23T17:16:41","slug":"descubre-los-mejores-jardines-en-residencias-de-mayores","status":"publish","type":"post","link":"https:\/\/miresi.es\/blog\/descubre-los-mejores-jardines-en-residencias-de-mayores\/","title":{"rendered":"Descubre los Mejores Jardines en Residencias de Mayores"},"content":{"rendered":"\n<p>Los jardines y espacios abiertos aportan calidad de vida e ilusi\u00f3n a las personas mayores. En <strong><a href=\"https:\/\/miresi.es\/\"  target=\"_blank\" rel=\"noreferrer noopener\" title=\"miResi\"  target=\"_blank\" rel=\"noreferrer noopener\" title=\"miResi\">miResi<\/a><\/strong> hemos recopilado los mejores <strong>jardines en residencias de mayores<\/strong>. As\u00ed podr\u00e1s tener en cuenta a la hora de buscar residencia que tu familiar pueda estar en contacto con la naturaleza y disfrutar del aire libre sin renunciar a los mejores cuidados.<\/p>\n\n\n\n<div class=\"wp-block-buttons is-horizontal is-content-justification-center is-layout-flex wp-container-core-buttons-is-layout-499968f5 wp-block-buttons-is-layout-flex\">\n<div class=\"wp-block-button\"><a href=\"https:\/\/miresi.es\/buscador\/\"  rel=\"noreferrer noopener\"  rel=\"noreferrer noopener\">encuentra tu residencia ideal<\/a><\/div>\n<\/div>\n\n\n\n<div style=\"height:10px\" aria-hidden=\"true\" class=\"wp-block-spacer\"><\/div>\n\n\n\n<h2 class=\"wp-block-heading\" id=\"1-conoce-los-mejores-jardines-en-residencias-de-mayores\">1. Conoce los mejores jardines en residencias de mayores<\/h2>\n\n\n\n<p>Los jardines ofrecen un espacio estupendo para que las personas mayores puedan disfrutar. <strong>Naturaleza<\/strong>, vegetaci\u00f3n, <strong>luz solar<\/strong> y <strong>aire fresco<\/strong> son algunos de los beneficios que los jardines aportan a las residencias de mayores.<\/p>\n\n\n\n<figure class=\"wp-block-image size-large\"><img decoding=\"async\" width=\"1024\" height=\"341\" src=\"https:\/\/miresi.es\/blog\/wp-content\/uploads\/2022\/01\/grandmother-on-the-wheelchair-in-the-garden-2021-08-27-16-16-40-utc-1-1024x341.jpg\" alt=\"jardines en residencias cuidados\" class=\"wp-image-9263\" srcset=\"https:\/\/miresiblog.imgix.net\/uploads\/2022\/01\/grandmother-on-the-wheelchair-in-the-garden-2021-08-27-16-16-40-utc-1-scaled.jpg?auto=format%2Ccompress&amp;fit=crop&amp;h=341&amp;ixlib=php-3.3.0&amp;w=1024&amp;s=3f3c8902e3b0843fb1df8cb0acee7641 1024w, https:\/\/miresiblog.imgix.net\/uploads\/2022\/01\/grandmother-on-the-wheelchair-in-the-garden-2021-08-27-16-16-40-utc-1-scaled.jpg?auto=format%2Ccompress&amp;fit=crop&amp;h=100&amp;ixlib=php-3.3.0&amp;w=300&amp;s=b99c22b576f89b12857dd999a43866a7 300w, https:\/\/miresiblog.imgix.net\/uploads\/2022\/01\/grandmother-on-the-wheelchair-in-the-garden-2021-08-27-16-16-40-utc-1-scaled.jpg?auto=format%2Ccompress&amp;fit=crop&amp;h=256&amp;ixlib=php-3.3.0&amp;w=768&amp;s=7ac01228b6c7715ee3085920d8608963 768w, https:\/\/miresiblog.imgix.net\/uploads\/2022\/01\/grandmother-on-the-wheelchair-in-the-garden-2021-08-27-16-16-40-utc-1-scaled.jpg?auto=format%2Ccompress&amp;fit=crop&amp;h=512&amp;ixlib=php-3.3.0&amp;w=1536&amp;s=0435c161f5e21ed941cea77cc69f5f2e 1536w, https:\/\/miresiblog.imgix.net\/uploads\/2022\/01\/grandmother-on-the-wheelchair-in-the-garden-2021-08-27-16-16-40-utc-1-scaled.jpg?auto=format%2Ccompress&amp;fit=crop&amp;h=683&amp;ixlib=php-3.3.0&amp;w=2048&amp;s=d23d638aac54b38850544f5d90d1d90c 2048w, https:\/\/miresiblog.imgix.net\/uploads\/2022\/01\/grandmother-on-the-wheelchair-in-the-garden-2021-08-27-16-16-40-utc-1-scaled.jpg?auto=format%2Ccompress&amp;fit=crop&amp;h=120&amp;ixlib=php-3.3.0&amp;w=360&amp;s=6866c606143ed5a5d517a688fda79a9c 360w, https:\/\/miresiblog.imgix.net\/uploads\/2022\/01\/grandmother-on-the-wheelchair-in-the-garden-2021-08-27-16-16-40-utc-1-scaled.jpg?auto=format%2Ccompress&amp;ixlib=php-3.3.0&amp;w=1200&amp;s=212de80231336ee73b27e8820b604e20 1200w\" sizes=\"(max-width: 1024px) 100vw, 1024px\" \/><figcaption class=\"wp-element-caption\">Los jardines en residencias de mayores ofrecen otra manera m\u00e1s de brindar los mejores cuidados a los residentes.<\/figcaption><\/figure>\n\n\n\n<p>Son lugares maravillosos para pasear, tomar el sol o sentarse y descansar disfrutando de un buen libro, buena compa\u00f1\u00eda o simplemente estar en calma. Las plantas y las flores que pueden encontrar en ellos animar\u00e1n a las personas mayores a disfrutar de estos entornos buc\u00f3licos.&nbsp;<\/p>\n\n\n\n<p>A continuaci\u00f3n te presentamos una lista de los mejores jardines en residencias de mayores:<\/p>\n\n\n\n<h3 class=\"wp-block-heading\" id=\"1-1-residencia-clece-vitam-fuente-olivo\"><a href=\"https:\/\/miresi.es\/valladolid\/valladolid\/residencia-clece-allegra-magna-fuente-olivo\/\"  target=\"_blank\" rel=\"noreferrer noopener\"  target=\"_blank\" rel=\"noreferrer noopener\"><strong>1.1. Residencia Clece Vitam Fuente Olivo<\/strong><\/a><\/h3>\n\n\n\n<p>La <strong>Residencia Clece Vitam Fuente Olivo<\/strong> es un centro sociosanitario para personas mayores ubicado en Valladolid. Esta residencia cuenta con un magn\u00edfico jard\u00edn en su recinto donde las personas mayores podr\u00e1n <strong>pasear<\/strong>, tomar el sol o sentarse a disfrutar de su compa\u00f1\u00eda o de la calma del lugar.<\/p>\n\n\n\n<p>Adem\u00e1s de su <strong>agradable jard\u00edn<\/strong>, esta residencia cuenta con todos los servicios que pueden necesitar las personas mayores. Ofrecen desde servicios de atenci\u00f3n m\u00e9dica, social y psicol\u00f3gica hasta terapias de rehabilitaci\u00f3n neurol\u00f3gica. Tambi\u00e9n disponen de un gimnasio adaptado a la tercera edad donde los mayores podr\u00e1n mantenerse en forma sin renunciar a los mejores cuidados.<\/p>\n\n\n\n<div class=\"wp-block-buttons is-horizontal is-content-justification-center is-layout-flex wp-container-core-buttons-is-layout-499968f5 wp-block-buttons-is-layout-flex\">\n<div class=\"wp-block-button\"><a href=\"https:\/\/miresi.es\/valladolid\/valladolid\/residencia-clece-allegra-magna-fuente-olivo\/\"  target=\"_blank\" rel=\"noreferrer noopener\"  target=\"_blank\" rel=\"noreferrer noopener\">solicita plaza en residencia clece vitam fuenteolivo<\/a><\/div>\n<\/div>\n\n\n\n<h3 class=\"wp-block-heading\" id=\"1-2-residencia-las-mimosas\"><a href=\"https:\/\/miresi.es\/zaragoza\/urrea-de-jalon\/residencia-las-mimosas\/\"  target=\"_blank\" rel=\"noreferrer noopener\"  target=\"_blank\" rel=\"noreferrer noopener\"><strong>1.2. Residencia Las Mimosas<\/strong><\/a><\/h3>\n\n\n\n<p>La <strong>Residencia Las Mimosas<\/strong> ofrece uno de los mejores jardines en residencias de mayores. Est\u00e1 ubicado en Urrea de Jal\u00f3n, Zaragoza, un entorno privilegiado con un ambiente natural inigualable.<\/p>\n\n\n\n<p>Su <strong>jard\u00edn privado<\/strong> y protegido cuenta con <strong>m\u00e1s de 2000 metros cuadrados<\/strong>. Cuenta con zonas de sol y sombra gracias a sus <strong>amplias arboledas<\/strong>. Es el espacio ideal para andar en un entorno natural y seguro, gracias a su paseo ajardinado que har\u00e1 las delicias de sus residentes.&nbsp;<\/p>\n\n\n\n<p>La Residencia Las Mimosas tambi\u00e9n dispone de una <strong>terraza climatizada<\/strong> con estupendas vistas que permitir\u00e1 a los residentes relajarse en un entorno magn\u00edfico. Esta residencia tambi\u00e9n ofrece todos los servicios e instalaciones que pueden necesitar las personas mayores para sentirse como en casa.<\/p>\n\n\n\n<div class=\"wp-block-buttons is-horizontal is-content-justification-center is-layout-flex wp-container-core-buttons-is-layout-499968f5 wp-block-buttons-is-layout-flex\">\n<div class=\"wp-block-button\"><a href=\"https:\/\/miresi.es\/zaragoza\/urrea-de-jalon\/residencia-las-mimosas\/\"  target=\"_blank\" rel=\"noreferrer noopener\"  target=\"_blank\" rel=\"noreferrer noopener\">solicita plaza en residencia las mimosas<\/a><\/div>\n<\/div>\n\n\n\n<h3 class=\"wp-block-heading\" id=\"1-3-residencia-el-jardin-del-tietar\"><a href=\"https:\/\/miresi.es\/avila\/cuevas-del-valle\/residencia-el-jardin-del-tietar\/\"  target=\"_blank\" rel=\"noreferrer noopener\"  target=\"_blank\" rel=\"noreferrer noopener\"><strong>1.3. Residencia El Jard\u00edn del Ti\u00e9tar<\/strong><\/a><\/h3>\n\n\n\n<p>La <strong>Residencia El Jard\u00edn del Ti\u00e9tar <\/strong>es un centro en la Sierra de Gredos donde los mayores podr\u00e1n disfrutar de las ventajas de la naturaleza sin renunciar a los mejores cuidados. Como su propio nombre indica, esta residencia cuenta con un <strong>jard\u00edn amplio<\/strong> y agradable. Podr\u00e1n tomar el sol, relajarse al aire libre o descansar en las <strong>terrazas cubiertas<\/strong> que hay dispuestas en la zona ajardinada.<\/p>\n\n\n\n<p>Adem\u00e1s de su estupendo jard\u00edn, la residencia ofrece completas instalaciones y servicios. Cuenta con biblioteca, gimnasio y capilla propias, para que los mayores puedan seguir desarrollando sus actividades. Ofrecen servicios de fisioterapia personalizada, programas de neurorehabilitaci\u00f3n y la atenci\u00f3n socio sanitaria que necesitan las personas mayores. Su equipo profesional y cercano hace que a sus mayores no les falte de nada.<\/p>\n\n\n\n<div class=\"wp-block-buttons is-horizontal is-content-justification-center is-layout-flex wp-container-core-buttons-is-layout-499968f5 wp-block-buttons-is-layout-flex\">\n<div class=\"wp-block-button\"><a href=\"https:\/\/miresi.es\/avila\/cuevas-del-valle\/residencia-el-jardin-del-tietar\/\"  target=\"_blank\" rel=\"noreferrer noopener\"  target=\"_blank\" rel=\"noreferrer noopener\">solicita plaza en residencia jard\u00edn del ti\u00e9tar<\/a><\/div>\n<\/div>\n\n\n\n<h3 class=\"wp-block-heading\" id=\"1-4-fundacion-santisima-virgen-y-san-celedonio\"><a href=\"https:\/\/miresi.es\/madrid\/madrid\/fundacion-santisima-virgen-y-san-celedonio\/\"  target=\"_blank\" rel=\"noreferrer noopener\"  target=\"_blank\" rel=\"noreferrer noopener\"><strong>1.4. Fundaci\u00f3n Sant\u00edsima Virgen y San Celedonio<\/strong><\/a><\/h3>\n\n\n\n<p>La residencia <strong>Fundaci\u00f3n Sant\u00edsima Virgen y San Celedonio <\/strong>es un centro para mayores gestionado por el <a href=\"https:\/\/www.archimadrid.org\/index.php\"  target=\"_blank\" rel=\"external nofollow\"  target=\"_blank\" rel=\"noreferrer noopener nofollow\"  class=\"wp-links-icon\">Arzobispado de Madrid<\/a>. Esta residencia en el centro de Madrid cuenta con incre\u00edbles jardines y multitud de zonas verdes. Sus amplias <strong>arboledas<\/strong> y paseos con <strong>sol y sombra<\/strong> permiten que los mayores disfruten de un entorno natural en pleno coraz\u00f3n de la capital.<\/p>\n\n\n\n<p>El centro es un edificio hist\u00f3rico con numerosas instalaciones. En esta residencia se ofrece desde terapias ocupacionales y de animaci\u00f3n hasta <strong>orientaci\u00f3n espiritual<\/strong>, adem\u00e1s de la atenci\u00f3n m\u00e9dica necesaria para cuidar a las personas mayores.<\/p>\n\n\n\n<div class=\"wp-block-buttons is-horizontal is-content-justification-center is-layout-flex wp-container-core-buttons-is-layout-499968f5 wp-block-buttons-is-layout-flex\">\n<div class=\"wp-block-button\"><a href=\"https:\/\/miresi.es\/madrid\/madrid\/fundacion-santisima-virgen-y-san-celedonio\/\"  target=\"_blank\" rel=\"noreferrer noopener\"  target=\"_blank\" rel=\"noreferrer noopener\">solicita plaza en fundaci\u00f3n sant\u00edsima virgen y san celedonio<\/a><\/div>\n<\/div>\n\n\n\n<h3 class=\"wp-block-heading\" id=\"1-5-residencia-el-jardin-del-descanso\"><a href=\"https:\/\/miresi.es\/madrid\/camarma-de-esteruelas\/residencia-el-jardin-del-descanso\/\"  target=\"_blank\" rel=\"noreferrer noopener\"  target=\"_blank\" rel=\"noreferrer noopener\"><strong>1.5. Residencia El Jard\u00edn del Descanso<\/strong><\/a><\/h3>\n\n\n\n<p><strong>Con su nombre como presentaci\u00f3n, la Residencia El Jard\u00edn del Descanso ofrece un lugar ideal donde los mayores podr\u00e1n <\/strong>relajarse rodeados de naturaleza. Esta residencia en Camarma de Esteruelas, Madrid, dispone de amplios jardines y espacios abiertos. Sus instalaciones son ideales para tomar el sol, respirar aire puro y organizar <strong>reuniones y<\/strong> <strong>terapias al aire libre<\/strong>.<\/p>\n\n\n\n<p>El entorno est\u00e1 preparado para atender las necesidades de las personas mayores. Trabajan estrechamente con una farmacia cercana y ofrecen diversas terapias de rehabilitaci\u00f3n y atenci\u00f3n al mayor. Con sus instalaciones verdes y su equipo experto, los residentes encontrar\u00e1n aqu\u00ed un segundo hogar.<\/p>\n\n\n\n<div class=\"wp-block-buttons is-horizontal is-content-justification-center is-layout-flex wp-container-core-buttons-is-layout-499968f5 wp-block-buttons-is-layout-flex\">\n<div class=\"wp-block-button\"><a href=\"https:\/\/miresi.es\/madrid\/camarma-de-esteruelas\/residencia-el-jardin-del-descanso\/\"  target=\"_blank\" rel=\"noreferrer noopener\"  target=\"_blank\" rel=\"noreferrer noopener\">solicita plaza en residencia el jard\u00edn del descanso<\/a><\/div>\n<\/div>\n\n\n\n<div style=\"height:10px\" aria-hidden=\"true\" class=\"wp-block-spacer\"><\/div>\n\n\n\n<figure class=\"wp-block-image size-large\"><img decoding=\"async\" width=\"1024\" height=\"683\" src=\"https:\/\/miresi.es\/blog\/wp-content\/uploads\/2022\/01\/active-grandparents-excercising-in-the-garden-2021-08-26-15-44-50-utc-1-1024x683.jpg\" alt=\"jardines en residencias actividades\" class=\"wp-image-9264\" srcset=\"https:\/\/miresiblog.imgix.net\/uploads\/2022\/01\/active-grandparents-excercising-in-the-garden-2021-08-26-15-44-50-utc-1-scaled.jpg?auto=format%2Ccompress&amp;fit=crop&amp;h=683&amp;ixlib=php-3.3.0&amp;w=1024&amp;s=396d7ccab70bfe698fc818a287b114d1 1024w, https:\/\/miresiblog.imgix.net\/uploads\/2022\/01\/active-grandparents-excercising-in-the-garden-2021-08-26-15-44-50-utc-1-scaled.jpg?auto=format%2Ccompress&amp;fit=crop&amp;h=200&amp;ixlib=php-3.3.0&amp;w=300&amp;s=97ef2da0d2b142d0dd2defa08409a7e7 300w, https:\/\/miresiblog.imgix.net\/uploads\/2022\/01\/active-grandparents-excercising-in-the-garden-2021-08-26-15-44-50-utc-1-scaled.jpg?auto=format%2Ccompress&amp;fit=crop&amp;h=512&amp;ixlib=php-3.3.0&amp;w=768&amp;s=7bde60679103279b0962f5d7c6bf6e92 768w, https:\/\/miresiblog.imgix.net\/uploads\/2022\/01\/active-grandparents-excercising-in-the-garden-2021-08-26-15-44-50-utc-1-scaled.jpg?auto=format%2Ccompress&amp;fit=crop&amp;h=1024&amp;ixlib=php-3.3.0&amp;w=1536&amp;s=46473fe2e1e66cc3a48cba08003d11bf 1536w, https:\/\/miresiblog.imgix.net\/uploads\/2022\/01\/active-grandparents-excercising-in-the-garden-2021-08-26-15-44-50-utc-1-scaled.jpg?auto=format%2Ccompress&amp;fit=crop&amp;h=1365&amp;ixlib=php-3.3.0&amp;w=2048&amp;s=ea77324882faba58ae7978dbf3e38f42 2048w, https:\/\/miresiblog.imgix.net\/uploads\/2022\/01\/active-grandparents-excercising-in-the-garden-2021-08-26-15-44-50-utc-1-scaled.jpg?auto=format%2Ccompress&amp;fit=crop&amp;h=240&amp;ixlib=php-3.3.0&amp;w=360&amp;s=5a01fc52fabacebae52fb1a18e2cfd1b 360w, https:\/\/miresiblog.imgix.net\/uploads\/2022\/01\/active-grandparents-excercising-in-the-garden-2021-08-26-15-44-50-utc-1-scaled.jpg?auto=format%2Ccompress&amp;ixlib=php-3.3.0&amp;w=900&amp;s=25b90847622bc68281d715d464ad1e73 900w\" sizes=\"(max-width: 1024px) 100vw, 1024px\" \/><figcaption class=\"wp-element-caption\">Los jardines en residencias de mayores dan la oportunidad de realizar actividades beneficiosas al aire libre.<\/figcaption><\/figure>\n\n\n\n<h2 class=\"wp-block-heading\" id=\"2-en-miresi-te-recomendamos-los-mejores-jardines-en-residencias-para-mayores\">2. En miResi te recomendamos los mejores jardines en residencias para mayores<\/h2>\n\n\n\n<p>En miResi apostamos por el <strong>bienestar<\/strong> de las <strong>personas mayores<\/strong>. Queremos que cuenten con los mejores cuidados y trabajamos por construir una sociedad m\u00e1s inclusiva y justa con nuestros mayores. Los jardines en residencias son una forma estupenda de mantener a los mayores m\u00e1s <strong>felices<\/strong> y activos. El sol, el aire libre y la naturaleza son beneficiosos para todos, y los mayores pueden encontrar en ellos un alivio extra.<\/p>\n\n\n\n<p>Trabajamos con una <a href=\"https:\/\/miresi.es\/buscador\/\"  rel=\"noreferrer noopener\"  rel=\"noreferrer noopener\">amplia red de residencias<\/a> con el fin de ofrecer la <strong>mejor atenci\u00f3n<\/strong> a las personas mayores. Buscamos la calidad y encontramos la residencia ideal para tus seres queridos. Tomar la decisi\u00f3n de buscar una residencia no es tarea f\u00e1cil, por eso queremos ayudarte. Contamos con un equipo de asesoramiento familiar experto y cercano, capaz de recomendarte la mejor opci\u00f3n para ti y los tuyos. No dudes en ponerte en contacto con nosotros.<\/p>\n\n\n\n<p>\ud83d\udc9a \u00a1Te damos la bienvenida a miResi! \ud83d\udc9a<\/p>\n\n\n\n<div class=\"wp-block-buttons is-horizontal is-content-justification-center is-layout-flex wp-container-core-buttons-is-layout-499968f5 wp-block-buttons-is-layout-flex\">\n<div class=\"wp-block-button\"><a href=\"https:\/\/miresi.es\/buscador\/\"  rel=\"noreferrer noopener\"  rel=\"noreferrer noopener\">\u00bfnecesitas ayuda?<\/a><\/div>\n<\/div>\n<div style='text-align:center' class='yasr-auto-insert-visitor'><!--Yasr Visitor Votes Shortcode--><div id='yasr_visitor_votes_4a6ece6e20f49' class='yasr-visitor-votes'><div class=\"yasr-custom-text-vv-before yasr-custom-text-vv-before-9248\">\u00a1Haz clic para puntuar esta entrada!<\/div><div id='yasr-vv-second-row-container-4a6ece6e20f49'\r\n                                        class='yasr-vv-second-row-container'><div id='yasr-visitor-votes-rater-4a6ece6e20f49'\r\n                                      class='yasr-rater-stars-vv'\r\n                                      data-rater-postid='9248'\r\n                                      data-rating='5'\r\n                                      data-rater-starsize='32'\r\n                                      data-rater-readonly='false'\r\n                                      data-rater-nonce='33863466c1'\r\n                                      data-issingular='false'\r\n                                    ><\/div><div class=\"yasr-vv-stats-text-container\" id=\"yasr-vv-stats-text-container-4a6ece6e20f49\"><svg xmlns=\"https:\/\/www.w3.org\/2000\/svg\" width=\"20\" height=\"20\"\r\n                                   class=\"yasr-dashicons-visitor-stats\"\r\n                                   data-postid=\"9248\"\r\n                                   id=\"yasr-stats-dashicon-4a6ece6e20f49\">\r\n                                   <path d=\"M18 18v-16h-4v16h4zM12 18v-11h-4v11h4zM6 18v-8h-4v8h4z\"><\/path>\r\n                               <\/svg><span id=\"yasr-vv-text-container-4a6ece6e20f49\" class=\"yasr-vv-text-container\"> (Votos: <span id=\"yasr-vv-votes-number-container-4a6ece6e20f49\">1<\/span>  Promedio: <span id=\"yasr-vv-average-container-4a6ece6e20f49\">5<\/span>)<\/span><\/div><div id='yasr-vv-loader-4a6ece6e20f49' class='yasr-vv-container-loader'><\/div><\/div><div id='yasr-vv-bottom-container-4a6ece6e20f49'\r\n                              class='yasr-vv-bottom-container'\r\n                              style='display:none'><\/div><\/div><!--End Yasr Visitor Votes Shortcode--><\/div>","protected":false},"excerpt":{"rendered":"<p>Los jardines y espacios abiertos aportan calidad de vida a las personas mayores. En miResi hemos recopilado los mejores jardines en residencias de mayores.<\/p>\n","protected":false},"author":6,"featured_media":9260,"comment_status":"open","ping_status":"open","sticky":false,"template":"","format":"standard","meta":{"yasr_overall_rating":0,"yasr_post_is_review":"","yasr_auto_insert_disabled":"","yasr_review_type":"","footnotes":""},"categories":[364,362],"tags":[483,286,68,22],"class_list":["post-9248","post","type-post","status-publish","format-standard","has-post-thumbnail","hentry","category-centros-de-rehabilitacion","category-residencias-de-mayores","tag-actividades-para-mayores-en-residencias","tag-bienestar-personas-mayores","tag-residencias-de-ancianos","tag-residencias-de-mayores"],"yasr_visitor_votes":{"stars_attributes":{"read_only":false,"span_bottom":false},"number_of_votes":1,"sum_votes":5},"_links":{"self":[{"href":"https:\/\/miresi.es\/blog\/wp-json\/wp\/v2\/posts\/9248","targetHints":{"allow":["GET"]}}],"collection":[{"href":"https:\/\/miresi.es\/blog\/wp-json\/wp\/v2\/posts"}],"about":[{"href":"https:\/\/miresi.es\/blog\/wp-json\/wp\/v2\/types\/post"}],"author":[{"embeddable":true,"href":"https:\/\/miresi.es\/blog\/wp-json\/wp\/v2\/users\/6"}],"replies":[{"embeddable":true,"href":"https:\/\/miresi.es\/blog\/wp-json\/wp\/v2\/comments?post=9248"}],"version-history":[{"count":12,"href":"https:\/\/miresi.es\/blog\/wp-json\/wp\/v2\/posts\/9248\/revisions"}],"predecessor-version":[{"id":24943,"href":"https:\/\/miresi.es\/blog\/wp-json\/wp\/v2\/posts\/9248\/revisions\/24943"}],"wp:featuredmedia":[{"embeddable":true,"href":"https:\/\/miresi.es\/blog\/wp-json\/wp\/v2\/media\/9260"}],"wp:attachment":[{"href":"https:\/\/miresi.es\/blog\/wp-json\/wp\/v2\/media?parent=9248"}],"wp:term":[{"taxonomy":"category","embeddable":true,"href":"https:\/\/miresi.es\/blog\/wp-json\/wp\/v2\/categories?post=9248"},{"taxonomy":"post_tag","embeddable":true,"href":"https:\/\/miresi.es\/blog\/wp-json\/wp\/v2\/tags?post=9248"}],"curies":[{"name":"wp","href":"https:\/\/api.w.org\/{rel}","templated":true}]}}