{"id":9287,"date":"2022-01-24T16:00:00","date_gmt":"2022-01-24T15:00:00","guid":{"rendered":"https:\/\/miresi.es\/blog\/?p=9287"},"modified":"2026-04-23T18:16:36","modified_gmt":"2026-04-23T17:16:36","slug":"rehabilitacion-en-residencias-de-mayores","status":"publish","type":"post","link":"https:\/\/miresi.es\/blog\/rehabilitacion-en-residencias-de-mayores\/","title":{"rendered":"Descubre los Beneficios de la Rehabilitaci\u00f3n en Residencias"},"content":{"rendered":"\n<p>A medida que <strong>envejecemos<\/strong> la probabilidad de sufrir una <a href=\"https:\/\/miresi.es\/blog\/caidas-en-ancianos\/\"  target=\"_blank\" rel=\"noreferrer noopener\" title=\"ca\u00edda\"  target=\"_blank\" rel=\"noreferrer noopener\" title=\"ca\u00edda\">ca\u00edda<\/a> aumenta notablemente. Muchas veces puede que estas ca\u00eddas no deriven en nada grave y todo se quede en el susto y alg\u00fan hematoma. Sin embargo, otras pueden terminar en lesiones graves que necesitar\u00e1n de mucho tiempo y mucha rehabilitaci\u00f3n para curarse del todo.\u00a0Por eso la <strong>rehabilitaci\u00f3n en residencias<\/strong> es tan importante. <\/p>\n\n\n\n<p>La <strong>rehabilitaci\u00f3n<\/strong> consiste en coordinar medidas m\u00e9dicas, psicol\u00f3gicas y sociales para reducir notablemente las consecuencias sufridas por una lesi\u00f3n. En algunas ocasiones, si estas lesiones no son tratadas como es debido, puede derivar en la invalidez de la persona mayor.\u00a0<\/p>\n\n\n\n<p>Si tu ser querido necesita rehabilitaci\u00f3n para superar alguna lesi\u00f3n, una buena opci\u00f3n es buscar una residencia que disponga de este servicio. En <a href=\"https:\/\/miresi.es\/\"  >miResi<\/a> podemos ayudarte a encontrar la residencia que mejor se adec\u00fae a las necesidades de tu mayor. Trabajamos con las <strong>mejores residencias<\/strong> para asesorarte de manera personalizada. Entendemos que la decisi\u00f3n es complicada y por ello nuestro equipo de asesores te ayudar\u00e1 de forma gratuita y sin ning\u00fan tipo de compromiso. <strong>\u00a1Escr\u00edbenos o ll\u00e1manos!<\/strong><\/p>\n\n\n\n<div class=\"wp-block-buttons is-horizontal is-content-justification-center is-layout-flex wp-container-core-buttons-is-layout-499968f5 wp-block-buttons-is-layout-flex\">\n<div class=\"wp-block-button\"><a href=\"https:\/\/miresi.es\/buscador\/\"  rel=\"noreferrer noopener\"  rel=\"noreferrer noopener\">Busca ayuda personalizada<\/a><\/div>\n<\/div>\n\n\n\n<div style=\"height:10px\" aria-hidden=\"true\" class=\"wp-block-spacer\"><\/div>\n\n\n\n<h2 class=\"wp-block-heading\" id=\"1-por-que-es-importante-la-rehabilitacion-en-residencias\">1. \u00bfPor qu\u00e9 es importante la rehabilitaci\u00f3n en residencias?<\/h2>\n\n\n\n<p>La mayor\u00eda de las personas mayores necesitar\u00e1n realizar ejercicios de rehabilitaci\u00f3n en alg\u00fan momento. La duraci\u00f3n de la rehabilitaci\u00f3n <strong>variar\u00e1<\/strong> dependiendo de muchos factores como son la <strong>gravedad<\/strong> de la lesi\u00f3n, la <strong>zona<\/strong> de la lesi\u00f3n o la <strong>movilidad<\/strong> del mayor. Para que la lesi\u00f3n no derive en un mal mayor como la invalidez, seguir al pie de la letra los ejercicios de rehabilitaci\u00f3n es primordial.\u00a0<\/p>\n\n\n\n<p>Este es precisamente uno de los objetivos de las salas de rehabilitaci\u00f3n en centros de mayores. Para que se sientan mucho m\u00e1s independientes, <strong>mantener la movilidad<\/strong> es crucial.\u00a0<\/p>\n\n\n<div class=\"wp-block-image\">\n<figure class=\"aligncenter size-large\"><img decoding=\"async\" width=\"1024\" height=\"854\" src=\"https:\/\/miresi.es\/blog\/wp-content\/uploads\/2022\/01\/VALDELUZ_003_-_Sandra_Lopez-1024x854.jpg\" alt=\"Servicio de rehabilitaci\u00f3n en residencias\" class=\"wp-image-9310\" srcset=\"https:\/\/miresiblog.imgix.net\/uploads\/2022\/01\/VALDELUZ_003_-_Sandra_Lopez-scaled.jpg?auto=format%2Ccompress&fit=crop&h=854&ixlib=php-3.3.0&w=1024&s=8291df336f20c6765b2faf06fa2cde78 1024w, https:\/\/miresiblog.imgix.net\/uploads\/2022\/01\/VALDELUZ_003_-_Sandra_Lopez-scaled.jpg?auto=format%2Ccompress&fit=crop&h=250&ixlib=php-3.3.0&w=300&s=1bdcb7bf1192c774333ce30be9712877 300w, https:\/\/miresiblog.imgix.net\/uploads\/2022\/01\/VALDELUZ_003_-_Sandra_Lopez-scaled.jpg?auto=format%2Ccompress&fit=crop&h=641&ixlib=php-3.3.0&w=768&s=a52541ea6626bc266652c669ac570241 768w, https:\/\/miresiblog.imgix.net\/uploads\/2022\/01\/VALDELUZ_003_-_Sandra_Lopez-scaled.jpg?auto=format%2Ccompress&fit=crop&h=1281&ixlib=php-3.3.0&w=1536&s=7ed640d399b36ebf2946f27b26de4b6c 1536w, https:\/\/miresiblog.imgix.net\/uploads\/2022\/01\/VALDELUZ_003_-_Sandra_Lopez-scaled.jpg?auto=format%2Ccompress&fit=crop&h=1708&ixlib=php-3.3.0&w=2048&s=7520e2894205dc8c0a21cf5911ef725b 2048w, https:\/\/miresiblog.imgix.net\/uploads\/2022\/01\/VALDELUZ_003_-_Sandra_Lopez-scaled.jpg?auto=format%2Ccompress&fit=crop&h=300&ixlib=php-3.3.0&w=360&s=141214b9fac55e0f6ed12807e680c0ba 360w, https:\/\/miresiblog.imgix.net\/uploads\/2022\/01\/VALDELUZ_003_-_Sandra_Lopez-scaled.jpg?auto=format%2Ccompress&ixlib=php-3.3.0&w=719&s=e19d31f49e605920fc0840c8b2f213bb 719w\" sizes=\"(max-width: 1024px) 100vw, 1024px\" \/><figcaption class=\"wp-element-caption\">La Residencia Valdeluz Legan\u00e9s situada en Madrid dispone de centros de rehabilitaci\u00f3n<\/figcaption><\/figure>\n<\/div>\n\n\n<h2 class=\"wp-block-heading\" id=\"2-tipos-de-rehabilitacion-en-residencias\">2. Tipos de rehabilitaci\u00f3n en residencias<\/h2>\n\n\n\n<p>No todas las personas necesitan los mismos ejercicios a la hora de hacer rehabilitaci\u00f3n. Esto se debe a que no todas las rehabilitaciones son iguales, ya que se suelen diferenciar por zona de la lesi\u00f3n, gravedad o incluso por patolog\u00edas. Estos son los tipos m\u00e1s <strong>comunes<\/strong>:<\/p>\n\n\n\n<h3 class=\"wp-block-heading\" id=\"2-1-rehabilitacion-de-cadera\">2.1. Rehabilitaci\u00f3n de cadera<\/h3>\n\n\n\n<p>En algunas ocasiones, cuando una persona mayor tropieza y cae al suelo, puede terminar en una <strong><a href=\"https:\/\/miresi.es\/blog\/rotura-de-cadera-en-personas-mayores\/\"  target=\"_blank\" rel=\"noreferrer noopener\" title=\"ruptura de cadera\"  target=\"_blank\" rel=\"noreferrer noopener\" title=\"ruptura de cadera\">ruptura de cadera<\/a><\/strong>. Esto se soluciona con una intervenci\u00f3n quir\u00fargica, pero sobre todo con muchas horas de rehabilitaci\u00f3n y mucha paciencia. Al d\u00eda siguiente de la operaci\u00f3n, nuestro mayor deber\u00eda empezar a <strong>apoyar la planta del pie<\/strong> en el suelo sin ejercer mucha fuerza. Esto debe hacerlo siempre con la ayuda de un profesional sociosanitario o de una muleta o andador. Cuando la herida haya cicatrizado, lo mejor es que la persona mayor siga realizando ejercicios para<strong> reducir el tiempo de rehabilitaci\u00f3n<\/strong> al m\u00e1ximo.<\/p>\n\n\n\n<h3 class=\"wp-block-heading\" id=\"2-2-rehabilitacion-de-ictus\">2.2. Rehabilitaci\u00f3n de ictus<\/h3>\n\n\n\n<p>El <a href=\"https:\/\/miresi.es\/blog\/ictus-en-ancianos\/\"  target=\"_blank\" rel=\"noreferrer noopener\" title=\"ictus\"  target=\"_blank\" rel=\"noreferrer noopener\" title=\"ictus\">ictus<\/a> puede afectar a todo tipo de personas. Sin embargo, los ancianos son m\u00e1s propensos a sufrirlo y que sus consecuencias sean m\u00e1s <strong>agresivas<\/strong>. Es por esto que la rehabilitaci\u00f3n de ictus en ancianos es algo <strong>muy necesario y muy importante<\/strong> a tener en cuenta. El paciente realizar\u00e1 ejercicios de <strong>fisioterapia neurol\u00f3gica<\/strong> para que el paciente se pueda ir recuperando poco a poco de las secuelas del ictus.<\/p>\n\n\n\n<h3 class=\"wp-block-heading\" id=\"2-3-rehabilitacion-de-parkinson\">2.3. Rehabilitaci\u00f3n de parkinson<\/h3>\n\n\n\n<p>El <a href=\"https:\/\/miresi.es\/blog\/sintomas-del-parkinson\/\"  target=\"_blank\" rel=\"noreferrer noopener\" title=\"parkinson\"  target=\"_blank\" rel=\"noreferrer noopener\" title=\"parkinson\">parkinson<\/a> es una enfermedad neurodegenerativa que se caracteriza por causar temblores involuntarios a quienes la sufren. La rehabilitaci\u00f3n para las personas que padecen esta enfermedad es muy importante, ya que ayuda en la mejora del <strong>equilibrio<\/strong> y por lo tanto reduce las probabilidades de sufrir una ca\u00edda.<\/p>\n\n\n\n<h2 class=\"wp-block-heading\" id=\"3-los-mejores-centros-de-rehabilitacion-en-residencias\">3. Los mejores centros de rehabilitaci\u00f3n en residencias<\/h2>\n\n\n\n<p>Muchas de las residencias de Espa\u00f1a cuentan con una sala o <strong>centro especializado<\/strong> para que los mayores puedan realizar sus ejercicios de rehabilitaci\u00f3n. Desde miResi os traemos la lista con los mejores centros de rehabilitaci\u00f3n en residencias de mayores:<\/p>\n\n\n\n<h3 class=\"wp-block-heading\" id=\"3-1-centro-geriatrico-morate-en-asturias\">3.1. Centro Geri\u00e1trico Morate en Asturias<\/h3>\n\n\n\n<p>El <a href=\"https:\/\/miresi.es\/asturias\/oviedo\/residencia-morate\/#service\"  target=\"_blank\" rel=\"noreferrer noopener\"  target=\"_blank\" rel=\"noreferrer noopener\">Centro Geri\u00e1trico Morate<\/a> para personas mayores es un centro de r\u00e9gimen totalmente abierto y con horario libre de visitas. Cuentan con servicios de <strong>rehabilitaci\u00f3n de distintas patolog\u00edas y lesiones<\/strong>. Tambi\u00e9n tienen un gran equipo de profesionales como enfermeras, auxiliares de enfermer\u00eda y fisioterapeutas para garantizar el bienestar y la salud de las personas mayores. Si quieres echarle un vistazo, pincha en el bot\u00f3n de abajo.<\/p>\n\n\n\n<div class=\"wp-block-buttons is-horizontal is-content-justification-center is-layout-flex wp-container-core-buttons-is-layout-499968f5 wp-block-buttons-is-layout-flex\">\n<div class=\"wp-block-button\"><a href=\"https:\/\/miresi.es\/asturias\/oviedo\/residencia-morate\/#service\"  target=\"_blank\" rel=\"noreferrer noopener\"  target=\"_blank\" rel=\"noreferrer noopener\">Centro Geri\u00e1trico Morate<\/a><\/div>\n<\/div>\n\n\n\n<div style=\"height:10px\" aria-hidden=\"true\" class=\"wp-block-spacer\"><\/div>\n\n\n\n<h3 class=\"wp-block-heading\" id=\"3-2-residencia-maragall-en-barcelona\">3.2. Residencia Maragall en Barcelona<\/h3>\n\n\n\n<p>Esta nueva residencia une los cuidados de la tercera edad con los tratamientos m\u00e1s\u00a0 <strong>innovadores<\/strong>. Tambi\u00e9n ofrece un servicio integral y personalizado para garantizar la m\u00e1xima comodidad al mayor. Cuentan con un equipo de profesionales especializados en la atenci\u00f3n sociosanitaria adem\u00e1s de tener un centro espec\u00edfico para las <strong>rehabilitaciones neurol\u00f3gicas<\/strong>. Pincha en el siguiente bot\u00f3n para saber m\u00e1s.<\/p>\n\n\n\n<div class=\"wp-block-buttons is-horizontal is-content-justification-center is-layout-flex wp-container-core-buttons-is-layout-499968f5 wp-block-buttons-is-layout-flex\">\n<div class=\"wp-block-button\"><a href=\"https:\/\/miresi.es\/barcelona\/barcelona\/residenca-maragall\/\"  target=\"_blank\" rel=\"noreferrer noopener\"  target=\"_blank\" rel=\"noreferrer noopener\">Residencia Maragall <\/a><\/div>\n<\/div>\n\n\n\n<div style=\"height:10px\" aria-hidden=\"true\" class=\"wp-block-spacer\"><\/div>\n\n\n<div class=\"wp-block-image\">\n<figure class=\"aligncenter size-large\"><img decoding=\"async\" width=\"1024\" height=\"682\" src=\"https:\/\/miresi.es\/blog\/wp-content\/uploads\/2022\/01\/Residencia_Maragall_-_habitacion_doble-1024x682.jpg\" alt=\"residencia con rehabilitaci\u00f3n en residencias\" class=\"wp-image-9309\" srcset=\"https:\/\/miresiblog.imgix.net\/uploads\/2022\/01\/Residencia_Maragall_-_habitacion_doble.jpg?auto=format%2Ccompress&fit=crop&h=682&ixlib=php-3.3.0&w=1024&s=5dc2e7a910965eeca3a62ebb1a028d5d 1024w, https:\/\/miresiblog.imgix.net\/uploads\/2022\/01\/Residencia_Maragall_-_habitacion_doble.jpg?auto=format%2Ccompress&fit=crop&h=200&ixlib=php-3.3.0&w=300&s=0c6bca5006ece0c4a7139c3dc77c786b 300w, https:\/\/miresiblog.imgix.net\/uploads\/2022\/01\/Residencia_Maragall_-_habitacion_doble.jpg?auto=format%2Ccompress&fit=crop&h=511&ixlib=php-3.3.0&w=768&s=2c5f3604a06f0a53b7f3190ae941dd11 768w, https:\/\/miresiblog.imgix.net\/uploads\/2022\/01\/Residencia_Maragall_-_habitacion_doble.jpg?auto=format%2Ccompress&fit=crop&h=240&ixlib=php-3.3.0&w=360&s=328d01c4e832da1d4d46af26e8d40262 360w, https:\/\/miresiblog.imgix.net\/uploads\/2022\/01\/Residencia_Maragall_-_habitacion_doble.jpg?auto=format%2Ccompress&ixlib=php-3.3.0&w=901&s=9d14fec3fec74c3fdd3ca91785757329 901w\" sizes=\"(max-width: 1024px) 100vw, 1024px\" \/><figcaption class=\"wp-element-caption\">Las habitaci\u00f3n de la nueva Residencia Maragall situada en Barcelona<\/figcaption><\/figure>\n<\/div>\n\n\n<h3 class=\"wp-block-heading\" id=\"3-3-residencia-valdeluz-leganes-en-madrid\">3.3. Residencia Valdeluz Legan\u00e9s en Madrid<\/h3>\n\n\n\n<p>La <a href=\"https:\/\/miresi.es\/madrid\/leganes\/residencia-valdeluz-leganes\/\"  target=\"_blank\" rel=\"noreferrer noopener\" title=\"Residencia Valdeluz Legan\u00e9s\"  target=\"_blank\" rel=\"noreferrer noopener\" title=\"Residencia Valdeluz Legan\u00e9s\">Residencia Valdeluz Legan\u00e9s<\/a> posee un servicio m\u00e9dico especializado con toda la tecnolog\u00eda de \u00faltima generaci\u00f3n. As\u00ed, las personas mayores que residen aqu\u00ed reciben unos <strong>cuidados de primera categor\u00eda<\/strong>.\u00a0<\/p>\n\n\n\n<p>En esta residencia tu mayor podr\u00e1 realizar la mejor rehabilitaci\u00f3n, tanto de cadera, como neurol\u00f3gicas. Adem\u00e1s, algo que les diferencia es que cuentan con atenci\u00f3n m\u00e9dica y de enfermer\u00eda las <strong>24 horas del d\u00eda<\/strong>. Si quieres conocerla mejor, pincha en el bot\u00f3n de abajo.<\/p>\n\n\n\n<div class=\"wp-block-buttons is-horizontal is-content-justification-center is-layout-flex wp-container-core-buttons-is-layout-499968f5 wp-block-buttons-is-layout-flex\">\n<div class=\"wp-block-button\"><a href=\"https:\/\/miresi.es\/madrid\/leganes\/residencia-valdeluz-leganes\/\"  target=\"_blank\" rel=\"noreferrer noopener\"  target=\"_blank\" rel=\"noreferrer noopener\"> Residencia Valdeluz Legan\u00e9s<\/a><\/div>\n<\/div>\n\n\n\n<div style=\"height:10px\" aria-hidden=\"true\" class=\"wp-block-spacer\"><\/div>\n\n\n\n<h3 class=\"wp-block-heading\" id=\"3-4-centro-sevilla-la-puebla-de-calzada-en-sevilla\">3.4. \u00a0Centro Sevilla La Puebla de Calzada en Sevilla<\/h3>\n\n\n\n<p>El <a href=\"https:\/\/miresi.es\/sevilla\/la-puebla-de-cazalla\/centro-sevilla-la-puebla-de-cazalla\/\"  target=\"_blank\" rel=\"noreferrer noopener\" title=\"Centro Sevilla La Puebla de Calzada\"  target=\"_blank\" rel=\"noreferrer noopener\" title=\"Centro Sevilla La Puebla de Calzada\">Centro Sevilla La Puebla de Calzada<\/a> trabaja muy duro para adaptarse a las necesidades personales de cada residente y de cada familia. Su equipo de profesionales les acompa\u00f1an los <strong>7 d\u00edas de la semana<\/strong> y adem\u00e1s les dan la posibilidad de realizar las rehabilitaciones que necesiten <strong>dentro del centro<\/strong>. Pincha en el siguiente bot\u00f3n para saber m\u00e1s.<\/p>\n\n\n\n<div class=\"wp-block-buttons is-horizontal is-content-justification-center is-layout-flex wp-container-core-buttons-is-layout-499968f5 wp-block-buttons-is-layout-flex\">\n<div class=\"wp-block-button\"><a href=\"https:\/\/miresi.es\/sevilla\/la-puebla-de-cazalla\/centro-sevilla-la-puebla-de-cazalla\/\"  target=\"_blank\" rel=\"noreferrer noopener\"  target=\"_blank\" rel=\"noreferrer noopener\">Centro Sevilla La Puebla de Calzada<\/a><\/div>\n<\/div>\n\n\n\n<div style=\"height:10px\" aria-hidden=\"true\" class=\"wp-block-spacer\"><\/div>\n\n\n\n<h3 class=\"wp-block-heading\" id=\"3-5-residencia-geriatrica-les-fonts-en-alicante\">3.5. Residencia Geri\u00e1trica Les Fonts en Alicante<\/h3>\n\n\n\n<p>La <a href=\"https:\/\/miresi.es\/alicante\/polop\/residencia-geriatrica-les-fonts\/\"  target=\"_blank\" rel=\"noreferrer noopener\" title=\"Residencia Geri\u00e1trica Les Fonts\"  target=\"_blank\" rel=\"noreferrer noopener\" title=\"Residencia Geri\u00e1trica Les Fonts\">Residencia Geri\u00e1trica Les Fonts<\/a> se encuentra en un entorno id\u00edlico para las personas mayores. Sus instalaciones est\u00e1n adaptadas para cualquier tipo de necesidad de movilidad que presenten los mayores ya que quieren otorgarles la mayor independencia posible. Es por eso que cuentan con un <strong>servicio diario de fisioterapia<\/strong>. Si quieres m\u00e1s informaci\u00f3n, pincha en el bot\u00f3n de abajo.<\/p>\n\n\n\n<div class=\"wp-block-buttons is-horizontal is-content-justification-center is-layout-flex wp-container-core-buttons-is-layout-499968f5 wp-block-buttons-is-layout-flex\">\n<div class=\"wp-block-button\"><a href=\"https:\/\/miresi.es\/alicante\/polop\/residencia-geriatrica-les-fonts\/\"  target=\"_blank\" rel=\"noreferrer noopener\"  target=\"_blank\" rel=\"noreferrer noopener\">Residencia Geri\u00e1trica Les Fonts<\/a><\/div>\n<\/div>\n\n\n\n<div style=\"height:8px\" aria-hidden=\"true\" class=\"wp-block-spacer\"><\/div>\n\n\n\n<p>Una rehabilitaci\u00f3n puede ayudar a nuestros mayores a recuperar movilidad, independencia o incluso, a prolongar su <strong>esperanza de vida<\/strong>. En cualquier caso, si tu mayor necesita de cuidados especializados o si presenta alg\u00fan que otro problema de movilidad, es posible que sea necesario buscar ayuda profesional. Una gran soluci\u00f3n podr\u00eda ser una <a href=\"https:\/\/miresi.es\/que-es-una-residencia-de-ancianos\/\"  ><strong>residencia de mayores<\/strong><\/a>. En estos centros todo est\u00e1 <strong>adaptado y pensado<\/strong> para cumplir con las necesidades de movilidad del anciano. Adem\u00e1s, muchos de estos centros cuentan con centros <strong>especializados en rehabilitaciones<\/strong>.\u00a0<\/p>\n\n\n\n<p>Encontrar la residencia de mayores que mejor se adec\u00fae a las necesidades de tu ser querido no es tarea f\u00e1cil. Por esta raz\u00f3n, el equipo de miResi se encarga de ayudar a miles de familias a encontrar el centro que m\u00e1s se ajuste a sus necesidades.<strong> Contacta con nosotros<\/strong> y te asesoraremos de manera personalizada, sin compromiso y de forma completamente gratuita. \ud83d\udc9a<\/p>\n\n\n\n<div class=\"wp-block-buttons is-horizontal is-content-justification-center is-layout-flex wp-container-core-buttons-is-layout-499968f5 wp-block-buttons-is-layout-flex\">\n<div class=\"wp-block-button\"><a href=\"https:\/\/miresi.es\/buscador\/\"  rel=\"noreferrer noopener\"  rel=\"noreferrer noopener\">Encuentra ayuda gratuita<\/a><\/div>\n<\/div>\n\n\n\n<p class=\"has-cyan-bluish-gray-color has-text-color\" style=\"font-size:10px\">Fuentes:<\/p>\n\n\n\n<ul class=\"wp-block-list\">\n<li>Sanitas: <a href=\"https:\/\/www.sanitas.es\/sanitasresidencial\/residencias-mayores\/rehabilitacion-cadera-mayores\"  target=\"_blank\" rel=\"external nofollow\"  target=\"_blank\" rel=\"noreferrer noopener\"  class=\"wp-links-icon\">https:\/\/www.sanitas.es\/sanitasresidencial\/residencias-mayores\/rehabilitacion-cadera-mayores<\/a><\/li>\n\n\n\n<li>Neurorehab: <a href=\"https:\/\/neuronrehab.es\/enfermedades-neurodegenerativas\/el-parkinson-y-su-rehabilitacion\/\"  target=\"_blank\" rel=\"external nofollow\"  target=\"_blank\" rel=\"noreferrer noopener\"  class=\"wp-links-icon\">https:\/\/neuronrehab.es\/enfermedades-neurodegenerativas\/el-parkinson-y-su-rehabilitacion\/<\/a><\/li>\n<\/ul>\n\n\n\n<p><\/p>\n<div style='text-align:center' class='yasr-auto-insert-visitor'><!--Yasr Visitor Votes Shortcode--><div id='yasr_visitor_votes_b06926670406f' class='yasr-visitor-votes'><div class=\"yasr-custom-text-vv-before yasr-custom-text-vv-before-9287\">\u00a1Haz clic para puntuar esta entrada!<\/div><div id='yasr-vv-second-row-container-b06926670406f'\r\n                                        class='yasr-vv-second-row-container'><div id='yasr-visitor-votes-rater-b06926670406f'\r\n                                      class='yasr-rater-stars-vv'\r\n                                      data-rater-postid='9287'\r\n                                      data-rating='4.5'\r\n                                      data-rater-starsize='32'\r\n                                      data-rater-readonly='false'\r\n                                      data-rater-nonce='4d05b5a2cb'\r\n                                      data-issingular='false'\r\n                                    ><\/div><div class=\"yasr-vv-stats-text-container\" id=\"yasr-vv-stats-text-container-b06926670406f\"><svg xmlns=\"https:\/\/www.w3.org\/2000\/svg\" width=\"20\" height=\"20\"\r\n                                   class=\"yasr-dashicons-visitor-stats\"\r\n                                   data-postid=\"9287\"\r\n                                   id=\"yasr-stats-dashicon-b06926670406f\">\r\n                                   <path d=\"M18 18v-16h-4v16h4zM12 18v-11h-4v11h4zM6 18v-8h-4v8h4z\"><\/path>\r\n                               <\/svg><span id=\"yasr-vv-text-container-b06926670406f\" class=\"yasr-vv-text-container\"> (Votos: <span id=\"yasr-vv-votes-number-container-b06926670406f\">2<\/span>  Promedio: <span id=\"yasr-vv-average-container-b06926670406f\">4.5<\/span>)<\/span><\/div><div id='yasr-vv-loader-b06926670406f' class='yasr-vv-container-loader'><\/div><\/div><div id='yasr-vv-bottom-container-b06926670406f'\r\n                              class='yasr-vv-bottom-container'\r\n                              style='display:none'><\/div><\/div><!--End Yasr Visitor Votes Shortcode--><\/div>","protected":false},"excerpt":{"rendered":"<p>Las ca\u00eddas en mayores pueden derivar en largos procesos de curaci\u00f3n. Por eso, desde miResi te contamos los beneficios de la rehabilitaci\u00f3n en residencias.<\/p>\n","protected":false},"author":24,"featured_media":9308,"comment_status":"open","ping_status":"open","sticky":false,"template":"","format":"standard","meta":{"yasr_overall_rating":0,"yasr_post_is_review":"","yasr_auto_insert_disabled":"","yasr_review_type":"","footnotes":""},"categories":[364,26],"tags":[584,583,17,608,22],"class_list":["post-9287","post","type-post","status-publish","format-standard","has-post-thumbnail","hentry","category-centros-de-rehabilitacion","category-envejecimiento","tag-centros-de-rehabilitacion","tag-rehabilitacion-cadera","tag-rehabilitacion-ictus","tag-rehabilitacion-parkinson","tag-residencias-de-mayores"],"yasr_visitor_votes":{"stars_attributes":{"read_only":false,"span_bottom":false},"number_of_votes":2,"sum_votes":9},"_links":{"self":[{"href":"https:\/\/miresi.es\/blog\/wp-json\/wp\/v2\/posts\/9287","targetHints":{"allow":["GET"]}}],"collection":[{"href":"https:\/\/miresi.es\/blog\/wp-json\/wp\/v2\/posts"}],"about":[{"href":"https:\/\/miresi.es\/blog\/wp-json\/wp\/v2\/types\/post"}],"author":[{"embeddable":true,"href":"https:\/\/miresi.es\/blog\/wp-json\/wp\/v2\/users\/24"}],"replies":[{"embeddable":true,"href":"https:\/\/miresi.es\/blog\/wp-json\/wp\/v2\/comments?post=9287"}],"version-history":[{"count":11,"href":"https:\/\/miresi.es\/blog\/wp-json\/wp\/v2\/posts\/9287\/revisions"}],"predecessor-version":[{"id":24938,"href":"https:\/\/miresi.es\/blog\/wp-json\/wp\/v2\/posts\/9287\/revisions\/24938"}],"wp:featuredmedia":[{"embeddable":true,"href":"https:\/\/miresi.es\/blog\/wp-json\/wp\/v2\/media\/9308"}],"wp:attachment":[{"href":"https:\/\/miresi.es\/blog\/wp-json\/wp\/v2\/media?parent=9287"}],"wp:term":[{"taxonomy":"category","embeddable":true,"href":"https:\/\/miresi.es\/blog\/wp-json\/wp\/v2\/categories?post=9287"},{"taxonomy":"post_tag","embeddable":true,"href":"https:\/\/miresi.es\/blog\/wp-json\/wp\/v2\/tags?post=9287"}],"curies":[{"name":"wp","href":"https:\/\/api.w.org\/{rel}","templated":true}]}}