{"id":9552,"date":"2022-01-28T09:49:00","date_gmt":"2022-01-28T08:49:00","guid":{"rendered":"https:\/\/miresi.es\/blog\/?p=9552"},"modified":"2026-04-23T18:16:13","modified_gmt":"2026-04-23T17:16:13","slug":"como-son-los-primeros-dias-viviendo-en-una-residencia","status":"publish","type":"post","link":"https:\/\/miresi.es\/blog\/como-son-los-primeros-dias-viviendo-en-una-residencia\/","title":{"rendered":"\u00bfC\u00f3mo son los Primeros D\u00edas Viviendo en una Residencia?"},"content":{"rendered":"\n<p>El momento de ingresar en una residencia, es tan duro para los mayores como para las familias. Todo cambio conlleva un <strong>proceso de adaptaci\u00f3n<\/strong> y es necesario tener paciencia. Desde <a href=\"https:\/\/miresi.es\"  target=\"_blank\" rel=\"noreferrer noopener\" title=\"miResi\"  target=\"_blank\" rel=\"noreferrer noopener\" title=\"miResi\">miResi<\/a> queremos contarte de primera mano <strong>c\u00f3mo son los primeros d\u00edas viviendo en una residencia geri\u00e1trica<\/strong>.<\/p>\n\n\n\n<p>Cuando <strong>el hogar deja de ser un lugar seguro<\/strong> para una persona mayor con alto nivel de dependencia, es hora de pedir <a href=\"https:\/\/miresi.es\/buscador\/\"  rel=\"noreferrer noopener\" title=\"ayuda externa\"  rel=\"noreferrer noopener\" title=\"ayuda externa\">ayuda externa<\/a> para salvaguardar su salud f\u00edsica y mental.<\/p>\n\n\n\n<p>El nivel de fatiga que sufre el familiar cuidador llega a ser insostenible. Por eso, es importante saber <strong>detectar el momento en el que se necesita ayuda profesional<\/strong>, siendo realista, comprensivo y aceptando la situaci\u00f3n.<\/p>\n\n\n\n<div class=\"wp-block-buttons is-content-justification-center is-layout-flex wp-container-core-buttons-is-layout-16018d1d wp-block-buttons-is-layout-flex\">\n<div class=\"wp-block-button\"><a href=\"https:\/\/miresi.es\/buscador\/\"  rel=\"noreferrer noopener\"  rel=\"noreferrer noopener\">solicitar los mejores cuidados<\/a><\/div>\n<\/div>\n\n\n\n<div style=\"height:10px\" aria-hidden=\"true\" class=\"wp-block-spacer\"><\/div>\n\n\n\n<p>Los primeros d\u00edas viviendo en una residencia tienen un seguimiento por parte del centro a trav\u00e9s de<strong> programas de acogida<\/strong> y del <strong>apoyo de los profesionales<\/strong> del centro.<\/p>\n\n\n\n<p>Sin embargo, es muy importante el <strong>papel de las familias<\/strong> en este proceso. As\u00ed como la <strong>actitud del residente<\/strong> a la hora de ingresar.<\/p>\n\n\n\n<h2 class=\"wp-block-heading\" id=\"1-etapas-del-ingreso-en-una-residencia-geriatrica\">1. <strong>Etapas del ingreso en una residencia geri\u00e1trica<\/strong><\/h2>\n\n\n\n<p>Para entender c\u00f3mo son los primeros d\u00edas viviendo en una residencia geri\u00e1trica, primero debemos conocer las etapas que le preceden en el <a href=\"https:\/\/miresi.es\/blog\/protocolo-de-ingreso-en-residencia-de-mayores\/\"  target=\"_blank\" rel=\"noreferrer noopener\" title=\"protocolo de ingreso\"  target=\"_blank\" rel=\"noreferrer noopener\" title=\"protocolo de ingreso\">protocolo de ingreso<\/a>.<\/p>\n\n\n\n<h3 class=\"wp-block-heading\" id=\"1-1-informar-al-mayor-sobre-su-ingreso\">1.1. <strong>Informar al mayor sobre su ingreso<\/strong><\/h3>\n\n\n\n<p>Esta primera etapa es la m\u00e1s dura de todas porque el anciano se encuentra aturdido una vez le informan sobre su futuro m\u00e1s pr\u00f3ximo.<\/p>\n\n\n\n<p>Por eso, hay que establecer una <strong>comunicaci\u00f3n sincera y transparente<\/strong>: enumerar las ventajas que tiene ingresar en una residencia para \u00e9l y hacerle sentir que vale la pena, que es la mejor opci\u00f3n.<\/p>\n\n\n\n<p>Adem\u00e1s, debemos extremar la delicadeza con personas que sufren enfermedades como la <a href=\"https:\/\/miresi.es\/blog\/tipos-de-demencias\/\"  target=\"_blank\" rel=\"noreferrer noopener\" title=\"demencia\"  target=\"_blank\" rel=\"noreferrer noopener\" title=\"demencia\">demencia<\/a>. En estos casos, incidir en la <strong>comunicaci\u00f3n no verbal<\/strong> ser\u00e1 lo mejor para que pueda comprender la situaci\u00f3n.<\/p>\n\n\n\n<div class=\"wp-block-buttons is-content-justification-center is-layout-flex wp-container-core-buttons-is-layout-16018d1d wp-block-buttons-is-layout-flex\">\n<div class=\"wp-block-button\"><a href=\"https:\/\/miresi.es\/residencias-demencia\/\"  target=\"_blank\" rel=\"noreferrer noopener\"  target=\"_blank\" rel=\"noreferrer noopener\">BUSCAR RESIDENCIAS PARA DEMENCIA<\/a><\/div>\n<\/div>\n\n\n\n<div style=\"height:10px\" aria-hidden=\"true\" class=\"wp-block-spacer\"><\/div>\n\n\n\n<p>Recomendamos enormemente contar con el <strong>apoyo de un psic\u00f3logo<\/strong> para disminuir la incertidumbre, las dudas y la situaci\u00f3n de salud o dependencia que provoca el ingreso del mayor en una residencia.<\/p>\n\n\n\n<h3 class=\"wp-block-heading\" id=\"1-2-preingreso\">1.2. <strong>Preingreso<\/strong><\/h3>\n\n\n\n<p>Cuando las familias se decantan por una residencia para su mayor, se activa de forma inmediata un protocolo para <strong>preparar su ingreso, conocerse y dar la informaci\u00f3n<\/strong> <strong>necesaria<\/strong> sobre el proceso.<\/p>\n\n\n\n<p>Consiste en lo siguiente:<\/p>\n\n\n\n<ul class=\"wp-block-list\"><li>Una <strong>entrevista con el director del centro<\/strong> para solventar cualquier duda.<\/li><li><strong>Visita a la residencia<\/strong> para ver las instalaciones.<\/li><li><strong>Se conoce al trabajador social del centro<\/strong>, el cual informa sobre c\u00f3mo pueden cubrir las necesidades del residente.<\/li><li>Se ofrece <strong>documentaci\u00f3n con informaci\u00f3n sobre las instalaciones, las habitaciones, los horarios y los programas<\/strong>. De esta forma, las familias podr\u00e1n reflexionarlo en casa.<\/li><\/ul>\n\n\n\n<p>Con antelaci\u00f3n, se planifica la incorporaci\u00f3n del nuevo residente una vez se hayan hecho todos los tr\u00e1mites necesarios para el ingreso.<\/p>\n\n\n\n<p><strong>En miResi, el preingreso lo gestionamos de forma muy r\u00e1pida<\/strong>. Pues, ofrecemos a los usuarios la ubicaci\u00f3n de los centros, su informaci\u00f3n y fotos de las instalaciones para agilizar el proceso de ingreso.<\/p>\n\n\n\n<p>Incluso, pueden realizarse en algunos de los casos <strong>video visitas<\/strong> para que las familias no tengan que acudir f\u00edsicamente al centro para poder verlo. Asimismo, pueden verlo desde la comodidad del hogar para tomar una decisi\u00f3n calmada.<\/p>\n\n\n\n<p>Adem\u00e1s, pueden hacer <strong>entrevistas mediante videollamadas<\/strong> para resolver dudas.<\/p>\n\n\n\n<div class=\"wp-block-buttons is-content-justification-center is-layout-flex wp-container-core-buttons-is-layout-16018d1d wp-block-buttons-is-layout-flex\">\n<div class=\"wp-block-button\"><a href=\"https:\/\/miresi.es\/buscador\/\"  rel=\"noreferrer noopener\"  rel=\"noreferrer noopener\">Necesito asistencia urgentemente<\/a><\/div>\n<\/div>\n\n\n\n<div style=\"height:10px\" aria-hidden=\"true\" class=\"wp-block-spacer\"><\/div>\n\n\n\n<h3 class=\"wp-block-heading\" id=\"1-3-ingreso\">1.3. <strong>Ingreso<\/strong><\/h3>\n\n\n\n<p>Recordemos que el ingreso en una residencia es un <strong>cambio de vida brusco<\/strong>: el mayor se traslada desde su hogar a un lugar completamente nuevo.<\/p>\n\n\n\n<p>Primero, <strong>es muy importante que le preguntemos a nuestro mayor c\u00f3mo se siente<\/strong> y estar atentos a sus comportamientos: s\u00edntomas relacionados con la depresi\u00f3n, disminuci\u00f3n de la autoestima, apat\u00eda e indiferencia, <a href=\"https:\/\/miresi.es\/blog\/prevencion-de-la-soledad-en-adultos-mayores\/\"  target=\"_blank\" rel=\"noreferrer noopener\" title=\"soledad\"  target=\"_blank\" rel=\"noreferrer noopener\" title=\"soledad\">soledad<\/a> y aislamiento.<\/p>\n\n\n\n<p>Muchos de ellos se pueden tratar en las residencias a trav\u00e9s de <strong>terapia psicol\u00f3gica<\/strong>. As\u00ed que es muy importante que hables de la <a href=\"https:\/\/miresi.es\/blog\/cuidando-la-salud-mental-de-las-personas-mayores-en-residencias\/\"  target=\"_blank\" rel=\"noreferrer noopener\" title=\"salud mental \"  target=\"_blank\" rel=\"noreferrer noopener\" title=\"salud mental \">salud mental <\/a>de tu mayor (si \u00e9l no se ve capaz) al personal profesional del centro en el momento del ingreso.<\/p>\n\n\n\n<div class=\"wp-block-buttons is-content-justification-center is-layout-flex wp-container-core-buttons-is-layout-16018d1d wp-block-buttons-is-layout-flex\">\n<div class=\"wp-block-button\"><a href=\"https:\/\/miresi.es\/buscador\/\"  rel=\"noreferrer noopener\"  rel=\"noreferrer noopener\">Ver red de residencias<\/a><\/div>\n<\/div>\n\n\n\n<div style=\"height:10px\" aria-hidden=\"true\" class=\"wp-block-spacer\"><\/div>\n\n\n\n<p>En segundo lugar, debemos <strong>conocer de forma exacta la fecha de ingreso<\/strong> <strong>y las personas que van a acompa\u00f1ar al mayor<\/strong> este d\u00eda. Todo debe estar preparado para cuando lleguen.\u00a0<\/p>\n\n\n\n<p>Como ver\u00e9is, <strong>la atenci\u00f3n en este d\u00eda es sublime<\/strong>. Incluso, invitan a las familias a comer con los mayores para que se vayan adaptando poco a poco a su nueva vida.<\/p>\n\n\n\n<p>Cabe destacar la atenci\u00f3n del <a href=\"https:\/\/miresi.es\/blog\/personal-minimo-en-residencias\/\"  target=\"_blank\" rel=\"noreferrer noopener\" title=\"personal de las residencias\"  target=\"_blank\" rel=\"noreferrer noopener\" title=\"personal de las residencias\">personal de las residencias<\/a>.<\/p>\n\n\n\n<p><strong>Empatizan mucho con las familias y los residentes<\/strong>, mostrando gran confianza y respetando siempre los momentos de intimidad. Solo suelen intervenir para calmar los nervios y la incertidumbre del mayor, adem\u00e1s de evitar episodios de ansiedad por la situaci\u00f3n.<\/p>\n\n\n\n<p>Paciencia\u2026 \u00a1La adaptaci\u00f3n completa del mayor suele durar un par de meses!<\/p>\n\n\n\n<h3 class=\"wp-block-heading\" id=\"1-4-como-son-los-primeros-dias-viviendo-en-una-residencia-geriatrica\">1.4. <strong>C\u00f3mo son los primeros d\u00edas viviendo en una residencia geri\u00e1trica<\/strong><\/h3>\n\n\n\n<p>Por parte de las residencias, se pone en pr\u00e1ctica un <strong>programa de adaptaci\u00f3n para el mayor<\/strong>. Ya que los primeros d\u00edas viviendo en una residencia suelen ser muy impactantes, el protocolo de acogida hace que sean menos duros.<\/p>\n\n\n\n<h4 class=\"wp-block-heading\" id=\"1-4-1-protocolo-de-acogida\">1.4.1. <strong>Protocolo de acogida<\/strong><\/h4>\n\n\n\n<p>Este programa est\u00e1 <strong>formado por atenci\u00f3n profesional<\/strong> (psic\u00f3logos, enfermeros, terapeutas ocupacionales, geront\u00f3logos\u2026), <strong>acogida por parte de los dem\u00e1s residentes<\/strong> del centro y <strong>unidad de apoyo<\/strong> a los ingresos.<\/p>\n\n\n\n<p>Entre otros, ofrecen <strong>servicios de atenci\u00f3n psicol\u00f3gica<\/strong> destinados a los mayores.<\/p>\n\n\n\n<p>Pero especialmente a las familias que sufren en silencio este proceso con sentimientos entre la culpabilidad, la frustraci\u00f3n por no haber cuidado a su mayor hasta el final y la duda de si han escogido <a href=\"https:\/\/miresi.es\/buscador\/\"  rel=\"noreferrer noopener\" title=\"la residencia ideal\"  rel=\"noreferrer noopener\" title=\"la residencia ideal\">la residencia ideal<\/a>.<\/p>\n\n\n\n<div class=\"wp-block-buttons is-content-justification-center is-layout-flex wp-container-core-buttons-is-layout-16018d1d wp-block-buttons-is-layout-flex\">\n<div class=\"wp-block-button\"><a href=\"https:\/\/miresi.es\/buscador\/\"  rel=\"noreferrer noopener\"  rel=\"noreferrer noopener\">Ases\u00f3rame de manera personalizada<\/a><\/div>\n<\/div>\n\n\n\n<div style=\"height:10px\" aria-hidden=\"true\" class=\"wp-block-spacer\"><\/div>\n\n\n\n<h4 class=\"wp-block-heading\" id=\"1-4-2-evaluaciones-fisicas-y-psicologicas\">1.4.2. Evaluaciones f\u00edsicas y psicol\u00f3gicas<\/h4>\n\n\n\n<p>Una vez el mayor est\u00e1 instalado en la residencia, comienzan las <strong>evaluaciones f\u00edsicas y psicol\u00f3gicas<\/strong> para estudiar sus cuidados.<\/p>\n\n\n\n<p>En estos momentos, los enfermeros y auxiliares est\u00e1n m\u00e1s pendientes que nunca de su salud.<\/p>\n\n\n\n<h4 class=\"wp-block-heading\" id=\"1-4-3-incorporacion-a-actividades-y-rutinas\">1.4.3. Incorporaci\u00f3n a actividades y rutinas<\/h4>\n\n\n\n<p>Poco a poco, los nuevos residentes <strong>se comienzan a incorporar a las <a href=\"https:\/\/miresi.es\/blog\/actividades-para-mayores-en-residencias\/\"  target=\"_blank\" rel=\"noreferrer noopener\" title=\"actividades\"  target=\"_blank\" rel=\"noreferrer noopener\" title=\"actividades\">actividades<\/a> y rutinas del centro<\/strong>.<\/p>\n\n\n\n<p>Cuentan con apoyo del trabajador social para su integraci\u00f3n y de los terapeutas ocupacionales mediante programas de atenci\u00f3n individualizada.<\/p>\n\n\n\n<h4 class=\"wp-block-heading\" id=\"1-4-4-contacto-con-la-familia\">1.4.4. Contacto con la familia<\/h4>\n\n\n\n<p>Es importante <strong>mantener un contacto estrecho y constante con las familias v\u00eda telef\u00f3nica<\/strong>. De esta manera, les informan sobre el estado de \u00e1nimo y de salud del mayor durante los primeros d\u00edas, as\u00ed como de sus rutinas.<\/p>\n\n\n\n<p>Si, por alg\u00fan motivo, el mayor no se encuentra c\u00f3modo o a gusto en los primeros d\u00edas, recordemos que existe un<strong> per\u00edodo de prueba o adaptaci\u00f3n<\/strong>. Esto quiere decir que se puede cambiar de opini\u00f3n, dando el alta o realizando un traslado a otro centro.<\/p>\n\n\n\n<p>En caso de que el nuevo residente est\u00e9 disfrutando de una <a href=\"https:\/\/miresi.es\/cuanto-cuesta-una-residencia-de-ancianos\/\"  target=\"_blank\" rel=\"noreferrer noopener\" title=\"plaza concertada\"  target=\"_blank\" rel=\"noreferrer noopener\" title=\"plaza concertada\">plaza concertada<\/a> destinada a uso p\u00fablico, se establece un <strong>plazo de 20 d\u00edas<\/strong> para comprobar si el mayor se ha adaptado o no al centro. Despu\u00e9s de los 20 d\u00edas de prueba, el ingreso se consolida.<\/p>\n\n\n\n<p>Tambi\u00e9n depender\u00e1 del <strong>tipo de<\/strong> <strong>estancia<\/strong> que haya escogido la familia: ingreso indefinido o <a href=\"https:\/\/miresi.es\/blog\/estancias-temporales\/\"  target=\"_blank\" rel=\"noreferrer noopener\" title=\"temporal\"  target=\"_blank\" rel=\"noreferrer noopener\" title=\"temporal\">temporal<\/a>.<\/p>\n\n\n\n<div class=\"wp-block-buttons is-content-justification-center is-layout-flex wp-container-core-buttons-is-layout-16018d1d wp-block-buttons-is-layout-flex\">\n<div class=\"wp-block-button\"><a href=\"https:\/\/miresi.es\/buscador\/\"  rel=\"noreferrer noopener\"  rel=\"noreferrer noopener\">Quiero saber m\u00e1s<\/a><\/div>\n<\/div>\n\n\n\n<div style=\"height:10px\" aria-hidden=\"true\" class=\"wp-block-spacer\"><\/div>\n\n\n\n<h4 class=\"wp-block-heading\" id=\"1-4-5-nuevas-rutinas-circulo-social-y-hogar\">1.4.5. <strong>Nuevas rutinas, c\u00edrculo social y hogar<\/strong><\/h4>\n\n\n\n<p>Adaptarse a algo nuevo no es f\u00e1cil, en especial para nuestros mayores.<\/p>\n\n\n\n<p>Por eso, cada cierto tiempo el equipo de las residencias realiza una <strong>segunda evaluaci\u00f3n<\/strong> para controlar el ritmo de adaptaci\u00f3n del anciano.\u00a0<\/p>\n\n\n\n<p>El nuevo residente se encuentra ante:<\/p>\n\n\n\n<ul class=\"wp-block-list\"><li><strong>Nuevas rutinas<\/strong>: cambios en costumbres y horarios a los que se tiene que adaptar, siendo \u00e9ste un proceso largo y complicado para la tercera edad.<\/li><\/ul>\n\n\n\n<ul class=\"wp-block-list\"><li><strong>Nuevo c\u00edrculo social<\/strong>: el mayor debe establecer nuevos v\u00ednculos con los dem\u00e1s residentes para evitar sentirse en soledad y fomentar su integraci\u00f3n.<\/li><\/ul>\n\n\n\n<ul class=\"wp-block-list\"><li><strong>Nuevo hogar<\/strong>: el cambio de ambiente supone un bloqueo emocional para el mayor. Por eso, muchas <a href=\"https:\/\/miresi.es\/buscador\/\"  rel=\"noreferrer noopener\" title=\"residencias de nuestra red\"  rel=\"noreferrer noopener\" title=\"residencias de nuestra red\">residencias de nuestra red<\/a> permiten al usuario <a href=\"https:\/\/miresi.es\/blog\/como-decorar-tu-habitacion-de-residencia\/\"  target=\"_blank\" rel=\"noreferrer noopener\" title=\"decorar su \"  target=\"_blank\" rel=\"noreferrer noopener\" title=\"decorar su \">decorar su <\/a><a href=\"https:\/\/miresi.es\/blog\/como-decorar-tu-habitacion-de-residencia\/\"  target=\"_blank\" rel=\"noreferrer noopener\" title=\"habitaci\u00f3n\"  target=\"_blank\" rel=\"noreferrer noopener\" title=\"habitaci\u00f3n\">habitaci\u00f3n<\/a> de forma personal para que mantenga sus recuerdos y comodidades, adem\u00e1s de ofrecer la sensaci\u00f3n de hogar.<\/li><\/ul>\n\n\n\n<h4 class=\"wp-block-heading\" id=\"1-4-6-apoyo-del-equipo-residencial\">1.4.6. <strong>Apoyo del equipo residencial<\/strong><\/h4>\n\n\n\n<p>La participaci\u00f3n del personal en los primeros d\u00edas de los mayores en una residencia geri\u00e1trica es crucial para conseguir la adaptaci\u00f3n.<\/p>\n\n\n\n<p>El personal debe:<\/p>\n\n\n\n<ul class=\"wp-block-list\"><li><strong>Ganar confianza<\/strong> con el mayor a trav\u00e9s de la escucha activa.<\/li><li>Convertirse en <strong>gu\u00eda y apoyo<\/strong> para el residente, logrando que \u00e9ste exprese sus emociones.<\/li><li>Dise\u00f1ar <strong>programas de atenci\u00f3n para las familias<\/strong>, sobre todo de atenci\u00f3n psicol\u00f3gica para apoyarlas emocionalmente.<\/li><li><strong>Impartir formaciones sobre los riesgos que sufre el mayor en el hogar<\/strong>. As\u00ed, pueden entender la importancia que ha tenido la decisi\u00f3n de ingresar en una residencia.<\/li><li><strong>Cuidar a los mayores<\/strong> con el m\u00e1ximo cari\u00f1o.<\/li><\/ul>\n\n\n\n<div class=\"wp-block-image\"><figure class=\"aligncenter size-large\"><img decoding=\"async\" width=\"1024\" height=\"683\" src=\"https:\/\/miresi.es\/blog\/wp-content\/uploads\/2022\/01\/doctor-talking-to-senior-man-in-nursing-home-2021-08-28-22-14-30-utc-1024x683.jpg\" alt=\"C\u00f3mo son los primeros d\u00edas viviendo en una residencia: atenci\u00f3n del personal\" class=\"wp-image-9565\" title=\"C\u00f3mo son los primeros d\u00edas viviendo en una residencia: atenci\u00f3n del personal\" srcset=\"https:\/\/miresiblog.imgix.net\/uploads\/2022\/01\/doctor-talking-to-senior-man-in-nursing-home-2021-08-28-22-14-30-utc-scaled.jpg?auto=format%2Ccompress&fit=crop&h=683&ixlib=php-3.3.0&w=1024&s=3d8f933c18f26422d9f31f04dc97a155 1024w, https:\/\/miresiblog.imgix.net\/uploads\/2022\/01\/doctor-talking-to-senior-man-in-nursing-home-2021-08-28-22-14-30-utc-scaled.jpg?auto=format%2Ccompress&fit=crop&h=200&ixlib=php-3.3.0&w=300&s=166cfb732c3e2b120db190009e009c99 300w, https:\/\/miresiblog.imgix.net\/uploads\/2022\/01\/doctor-talking-to-senior-man-in-nursing-home-2021-08-28-22-14-30-utc-scaled.jpg?auto=format%2Ccompress&fit=crop&h=512&ixlib=php-3.3.0&w=768&s=912acf941a7a4d9d916debea040be88f 768w, https:\/\/miresiblog.imgix.net\/uploads\/2022\/01\/doctor-talking-to-senior-man-in-nursing-home-2021-08-28-22-14-30-utc-scaled.jpg?auto=format%2Ccompress&fit=crop&h=1024&ixlib=php-3.3.0&w=1536&s=d63b3c2cf4c9f9ff555345f57a599ae7 1536w, https:\/\/miresiblog.imgix.net\/uploads\/2022\/01\/doctor-talking-to-senior-man-in-nursing-home-2021-08-28-22-14-30-utc-scaled.jpg?auto=format%2Ccompress&fit=crop&h=1365&ixlib=php-3.3.0&w=2048&s=ad02c36463b9b48e13660d6c1ab5a8b2 2048w, https:\/\/miresiblog.imgix.net\/uploads\/2022\/01\/doctor-talking-to-senior-man-in-nursing-home-2021-08-28-22-14-30-utc-scaled.jpg?auto=format%2Ccompress&fit=crop&h=240&ixlib=php-3.3.0&w=360&s=48d75a5f0b6f6a88daf40c3aedb19946 360w, https:\/\/miresiblog.imgix.net\/uploads\/2022\/01\/doctor-talking-to-senior-man-in-nursing-home-2021-08-28-22-14-30-utc-scaled.jpg?auto=format%2Ccompress&ixlib=php-3.3.0&w=900&s=bc6107465c59cd11c93848f05b92aa89 900w\" sizes=\"(max-width: 1024px) 100vw, 1024px\" \/><figcaption>La creaci\u00f3n de v\u00ednculos emocionales entre el personal y los residentes es muy especial<\/figcaption><\/figure><\/div>\n\n\n\n<h4 class=\"wp-block-heading\" id=\"1-4-7-participacion-de-la-familia\">1.4.7. <strong>Participaci\u00f3n de la familia<\/strong><\/h4>\n\n\n\n<p>Para las familias de los mayores, los primeros d\u00edas viviendo en una residencia geri\u00e1trica se viven de manera traum\u00e1tica.<\/p>\n\n\n\n<p>El sentimiento de culpa aflora, asociando la situaci\u00f3n a un abandono.<\/p>\n\n\n\n<p>Sin embargo, se debe entender desde otro punto de vista: la <a href=\"https:\/\/miresi.es\/contacto\/\"  target=\"_blank\" rel=\"noreferrer noopener\" title=\"ayuda externa\"  target=\"_blank\" rel=\"noreferrer noopener\" title=\"ayuda externa\">ayuda externa<\/a> toma acci\u00f3n cuando el familiar cuidador ya no puede hacerse cargo por el <strong>alto grado de dependencia<\/strong>.<\/p>\n\n\n\n<p>Desde miResi, queremos darte algunos <strong>consejos para afrontar estos d\u00edas<\/strong> tan duros:<\/p>\n\n\n\n<ol class=\"wp-block-list\"><li><strong>No te sientas culpable<\/strong>, has hecho lo que deb\u00edas hacer de forma responsable.<\/li><li><strong>Has sido comprensivo<\/strong>, entendiendo que tu familiar tiene unas necesidades cada vez mayores que est\u00e1n fuera de tu control. <a href=\"https:\/\/miresi.es\/contacto\/\"  target=\"_blank\" rel=\"noreferrer noopener\" title=\"Necesita a un profesional \"  target=\"_blank\" rel=\"noreferrer noopener\" title=\"Necesita a un profesional \">Necesita a un profesional <\/a>que le asista las 24 horas en un lugar adecuado para ello.<\/li><li><strong>Piensa que puedes visitarlo cada vez que quieras<\/strong> y pasar tiempo de calidad con tu ser querido, ya no supone una obligaci\u00f3n. \u00a1Es momento de disfrutar de esta etapa!<\/li><li>Si te sientes frustrado, triste o presionado, pero a la vez aliviado, no te preocupes. Esta <strong>confrontaci\u00f3n de emociones<\/strong> aparece cuando la situaci\u00f3n ya era insostenible, por lo que haber tomado la decisi\u00f3n oportuna tiene todo el m\u00e9rito del mundo.<\/li><li><strong>S\u00e9 paciente<\/strong>. El proceso de adaptaci\u00f3n no se cumple de la noche a la ma\u00f1ana: tu mayor necesita tiempo para asimilar y aceptar su nueva situaci\u00f3n.<\/li><\/ol>\n\n\n\n<h3 class=\"wp-block-heading\" id=\"1-5-adaptacion\">1.5. <strong>Adaptaci\u00f3n<\/strong><\/h3>\n\n\n\n<p>En esta <strong>pen\u00faltima etapa del protocolo de ingreso<\/strong> en una residencia geri\u00e1trica, se establece un <strong>plazo de aproximadamente 90 d\u00edas<\/strong> para lograr la adaptaci\u00f3n completa del mayor.<\/p>\n\n\n\n<p>Una vez se haya cumplido este per\u00edodo, el mayor debe haber <strong>interiorizado los nuevos h\u00e1bitos<\/strong>, haberse <strong>adaptado al nuevo espacio<\/strong> y haber <strong>establecido nuevas<\/strong> <strong>relaciones personales<\/strong> con los dem\u00e1s residentes del centro y el personal.<\/p>\n\n\n\n<p>Entonces, es momento de realizar un <strong>Plan de Atenci\u00f3n Personalizado<\/strong>.<\/p>\n\n\n\n<h3 class=\"wp-block-heading\" id=\"1-6-integracion\">1.6. <strong>Integraci\u00f3n<\/strong><\/h3>\n\n\n\n<p>La integraci\u00f3n es la <strong>\u00faltima etapa de este proceso<\/strong> y la m\u00e1s ansiada por aquellos mayores que lo pasan un poco mal durante los primeros d\u00edas viviendo en una residencia geri\u00e1trica.<\/p>\n\n\n\n<p>Normalmente, <strong>el proceso de adaptaci\u00f3n suele dar buenos resultados<\/strong>, sorprendiendo tanto a mayores como a familias. La residencia se convierte en su nuevo hogar y nace el afecto con los otros residentes y el personal.<\/p>\n\n\n\n<div class=\"wp-block-image\"><figure class=\"aligncenter size-large\"><img decoding=\"async\" width=\"1024\" height=\"768\" src=\"https:\/\/miresi.es\/blog\/wp-content\/uploads\/2022\/01\/germany-cologne-senior-couple-with-photo-album-i-2022-01-22-01-16-10-utc-1024x768.jpg\" alt=\"C\u00f3mo son los primeros d\u00edas viviendo en una residencia: integraci\u00f3n\" class=\"wp-image-9569\" title=\"C\u00f3mo son los primeros d\u00edas viviendo en una residencia: integraci\u00f3n\" srcset=\"https:\/\/miresiblog.imgix.net\/uploads\/2022\/01\/germany-cologne-senior-couple-with-photo-album-i-2022-01-22-01-16-10-utc-scaled.jpg?auto=format%2Ccompress&fit=crop&h=768&ixlib=php-3.3.0&w=1024&s=554605c82208307d0cd05a83029c6efe 1024w, https:\/\/miresiblog.imgix.net\/uploads\/2022\/01\/germany-cologne-senior-couple-with-photo-album-i-2022-01-22-01-16-10-utc-scaled.jpg?auto=format%2Ccompress&fit=crop&h=225&ixlib=php-3.3.0&w=300&s=e25cb4ed3f251f75e7fd9e063c255349 300w, https:\/\/miresiblog.imgix.net\/uploads\/2022\/01\/germany-cologne-senior-couple-with-photo-album-i-2022-01-22-01-16-10-utc-scaled.jpg?auto=format%2Ccompress&fit=crop&h=576&ixlib=php-3.3.0&w=768&s=529e9a06f5e9dea143710871cd438bc4 768w, https:\/\/miresiblog.imgix.net\/uploads\/2022\/01\/germany-cologne-senior-couple-with-photo-album-i-2022-01-22-01-16-10-utc-scaled.jpg?auto=format%2Ccompress&fit=crop&h=1152&ixlib=php-3.3.0&w=1536&s=061701808da70c6b50e387cf6d15fc7c 1536w, https:\/\/miresiblog.imgix.net\/uploads\/2022\/01\/germany-cologne-senior-couple-with-photo-album-i-2022-01-22-01-16-10-utc-scaled.jpg?auto=format%2Ccompress&fit=crop&h=1536&ixlib=php-3.3.0&w=2048&s=4f029ae5dd3d26409e88185443f2c7f7 2048w, https:\/\/miresiblog.imgix.net\/uploads\/2022\/01\/germany-cologne-senior-couple-with-photo-album-i-2022-01-22-01-16-10-utc-scaled.jpg?auto=format%2Ccompress&fit=crop&h=270&ixlib=php-3.3.0&w=360&s=4f57239c02fad42529167acb45317eb0 360w, https:\/\/miresiblog.imgix.net\/uploads\/2022\/01\/germany-cologne-senior-couple-with-photo-album-i-2022-01-22-01-16-10-utc-scaled.jpg?auto=format%2Ccompress&ixlib=php-3.3.0&w=800&s=036ca605e976e26a402877d046c67aea 800w\" sizes=\"(max-width: 1024px) 100vw, 1024px\" \/><figcaption>Compartir momentos con los dem\u00e1s residentes aumenta la autoestima de los residentes<\/figcaption><\/figure><\/div>\n\n\n\n<p>Cuando ya ha pasado el per\u00edodo de adaptaci\u00f3n, el equipo se re\u00fane para hacer una <strong>evaluaci\u00f3n del estado de \u00e1nimo del paciente as\u00ed como de su salud<\/strong>.<\/p>\n\n\n\n<h2 class=\"wp-block-heading\" id=\"2-elegir-la-residencia-ideal\">2. <strong><a href=\"https:\/\/miresi.es\/buscador\/\"  rel=\"noreferrer noopener\" title=\"Elegir la residencia ideal\"  rel=\"noreferrer noopener\" title=\"Elegir la residencia ideal\">Elegir la residencia ideal<\/a><\/strong><\/h2>\n\n\n\n<p>Despu\u00e9s de haber conocido c\u00f3mo son los primeros d\u00edas viviendo en una residencia geri\u00e1trica, queremos ayudarte a elegir la residencia ideal.<\/p>\n\n\n\n<p>Como habr\u00e1s podido ver, <strong>es una de las decisiones m\u00e1s importantes<\/strong> para garantizar la adaptaci\u00f3n del mayor. Y sabemos que muchas familias se sienten inseguras por miedo a equivocarse.<\/p>\n\n\n\n<p>Te damos algunas <strong>recomendaciones<\/strong>:<\/p>\n\n\n\n<ul class=\"wp-block-list\"><li><strong>Conocer el nivel de autonom\u00eda o dependencia del mayor<\/strong>: atenci\u00f3n a sus rutinas y limitaciones (tanto f\u00edsicas de <a href=\"https:\/\/miresi.es\/blog\/ejercicios-para-mejorar-la-movilidad\/\"  target=\"_blank\" rel=\"noreferrer noopener\" title=\"movilidad\"  target=\"_blank\" rel=\"noreferrer noopener\" title=\"movilidad\">movilidad<\/a> como psicol\u00f3gicas). De esta forma, podremos saber el <a href=\"https:\/\/miresi.es\/en-casa-centro-de-dia-o-residencia\/\"  target=\"_blank\" rel=\"noreferrer noopener\" title=\"tipo de asistencia\"  target=\"_blank\" rel=\"noreferrer noopener\" title=\"tipo de asistencia\">tipo de asistencia<\/a> que demanda.<\/li><\/ul>\n\n\n\n<ul class=\"wp-block-list\"><li><strong>Establecer el presupuesto ideal<\/strong> para invertir en <a href=\"https:\/\/miresi.es\/buscador\/\"  rel=\"noreferrer noopener\" title=\"los mejores cuidados\"  rel=\"noreferrer noopener\" title=\"los mejores cuidados\">los mejores cuidados<\/a>, teniendo en cuenta la situaci\u00f3n y los recursos econ\u00f3micos. Si tu presupuesto es muy bajo, puedes consultar <a href=\"https:\/\/miresi.es\/cuales-son-las-ayudas-a-la-dependencia\/\"  target=\"_blank\" rel=\"noreferrer noopener\" title=\"cu\u00e1les son las ayudas a la dependencia\"  target=\"_blank\" rel=\"noreferrer noopener\" title=\"cu\u00e1les son las ayudas a la dependencia\">cu\u00e1les son las ayudas a la dependencia<\/a>.\u00a0<\/li><\/ul>\n\n\n\n<ul class=\"wp-block-list\"><li><a href=\"https:\/\/miresi.es\/blog\/residencias-de-ancianos-cerca-de-mi\/\"  target=\"_blank\" rel=\"noreferrer noopener\" title=\"Encontrar la residencia ideal cerca de ti\"  target=\"_blank\" rel=\"noreferrer noopener\" title=\"Encontrar la residencia ideal cerca de ti\">Encontrar la residencia ideal cerca de ti<\/a>. Lo mejor ser\u00e1 tener a tu mayor cerca. Sin embargo, debes velar antes por su <strong>comodidad y cuidado<\/strong>.<\/li><\/ul>\n\n\n\n<div class=\"wp-block-buttons is-content-justification-center is-layout-flex wp-container-core-buttons-is-layout-16018d1d wp-block-buttons-is-layout-flex\">\n<div class=\"wp-block-button\"><a href=\"https:\/\/miresi.es\/buscador\/\"  rel=\"noreferrer noopener\"  rel=\"noreferrer noopener\">\u00bfTe ayudamos gratis?<\/a><\/div>\n<\/div>\n\n\n\n<div style=\"height:10px\" aria-hidden=\"true\" class=\"wp-block-spacer\"><\/div>\n\n\n\n<p>Debes tener en cuenta la <strong>participaci\u00f3n del mayor en esta dif\u00edcil decisi\u00f3n<\/strong>.<\/p>\n\n\n\n<p>Sin embargo, <strong>el ingreso puede ser o no voluntario<\/strong>. Esto se debe a que muchas personas mayores sufren demencia (enfermedad cognitiva que afecta a la comprensi\u00f3n), lo que les incapacita para tomar una decisi\u00f3n tan importante.<\/p>\n\n\n\n<div class=\"wp-block-image\"><figure class=\"aligncenter size-large\"><img decoding=\"async\" width=\"1024\" height=\"683\" src=\"https:\/\/miresi.es\/blog\/wp-content\/uploads\/2022\/01\/an-elderly-indian-man-at-the-retirement-house-2021-08-27-00-06-23-utc-1024x683.jpg\" alt=\"C\u00f3mo son los primeros d\u00edas viviendo en una residencia: mayores con demencia\" class=\"wp-image-9564\" title=\"C\u00f3mo son los primeros d\u00edas viviendo en una residencia: mayores con demencia\" srcset=\"https:\/\/miresiblog.imgix.net\/uploads\/2022\/01\/an-elderly-indian-man-at-the-retirement-house-2021-08-27-00-06-23-utc-scaled.jpg?auto=format%2Ccompress&fit=crop&h=683&ixlib=php-3.3.0&w=1024&s=a787212194b3460f959bf9af335372b2 1024w, https:\/\/miresiblog.imgix.net\/uploads\/2022\/01\/an-elderly-indian-man-at-the-retirement-house-2021-08-27-00-06-23-utc-scaled.jpg?auto=format%2Ccompress&fit=crop&h=200&ixlib=php-3.3.0&w=300&s=c430c4e6c5cbbae27a266f2b4da402bf 300w, https:\/\/miresiblog.imgix.net\/uploads\/2022\/01\/an-elderly-indian-man-at-the-retirement-house-2021-08-27-00-06-23-utc-scaled.jpg?auto=format%2Ccompress&fit=crop&h=513&ixlib=php-3.3.0&w=768&s=a796a694fbb3d44c2d845cfdfaaf0171 768w, https:\/\/miresiblog.imgix.net\/uploads\/2022\/01\/an-elderly-indian-man-at-the-retirement-house-2021-08-27-00-06-23-utc-scaled.jpg?auto=format%2Ccompress&fit=crop&h=1025&ixlib=php-3.3.0&w=1536&s=7a0fee51fcd39219929201be83f1f89f 1536w, https:\/\/miresiblog.imgix.net\/uploads\/2022\/01\/an-elderly-indian-man-at-the-retirement-house-2021-08-27-00-06-23-utc-scaled.jpg?auto=format%2Ccompress&fit=crop&h=1367&ixlib=php-3.3.0&w=2048&s=f42fe856830b6f1ff062ba23049d7762 2048w, https:\/\/miresiblog.imgix.net\/uploads\/2022\/01\/an-elderly-indian-man-at-the-retirement-house-2021-08-27-00-06-23-utc-scaled.jpg?auto=format%2Ccompress&fit=crop&h=240&ixlib=php-3.3.0&w=360&s=c899853ce09c5826448b4586152fc775 360w, https:\/\/miresiblog.imgix.net\/uploads\/2022\/01\/an-elderly-indian-man-at-the-retirement-house-2021-08-27-00-06-23-utc-scaled.jpg?auto=format%2Ccompress&ixlib=php-3.3.0&w=899&s=6497af020aef5f4a81b73748f428bd3d 899w\" sizes=\"(max-width: 1024px) 100vw, 1024px\" \/><figcaption>En miResi contamos con <a href=\"https:\/\/miresi.es\/residencias-demencia\/\"  target=\"_blank\" rel=\"noreferrer noopener\" title=\"residencias especiales para mayores con demencia\"  target=\"_blank\" rel=\"noreferrer noopener\" title=\"residencias especiales para mayores con demencia\">residencias especiales para mayores con demencia<\/a><\/figcaption><\/figure><\/div>\n\n\n\n<p>Ahora que ya sabes c\u00f3mo son los primeros d\u00edas viviendo en una residencia geri\u00e1trica, <strong>seguro que te sientes m\u00e1s tranquilo<\/strong>.<\/p>\n\n\n\n<p>Sabemos que todo <strong>este proceso puede llegar a saturar<\/strong> porque es demasiada informaci\u00f3n a tener en cuenta. Por eso, queremos recordarte que miResi est\u00e1 aqu\u00ed para <a href=\"https:\/\/miresi.es\/buscador\/\"  rel=\"noreferrer noopener\" title=\"ayudarte a encontrar los mejores cuidados\"  rel=\"noreferrer noopener\" title=\"ayudarte a encontrar los mejores cuidados\">ayudarte a encontrar los mejores cuidados<\/a> para tu mayor.<\/p>\n\n\n\n<p>Ya sea <a href=\"https:\/\/miresi.es\/en-casa-centro-de-dia-o-residencia\/\"  target=\"_blank\" rel=\"noreferrer noopener\" title=\"ayuda a domicilio, un centro de d\u00eda o una residencia\"  target=\"_blank\" rel=\"noreferrer noopener\" title=\"ayuda a domicilio, un centro de d\u00eda o una residencia\">ayuda a domicilio, un centro de d\u00eda o una residencia<\/a> para estancia temporal o indefinida. Adem\u00e1s, contamos con <strong>centros intensivos de enfermedades como el <a href=\"https:\/\/miresi.es\/residencias-alzheimer\/\"  target=\"_blank\" rel=\"noreferrer noopener\" title=\"Alzheimer\"  target=\"_blank\" rel=\"noreferrer noopener\" title=\"Alzheimer\">Alzheimer<\/a> <\/strong>o la demencia, as\u00ed como unidades de convivencia.<\/p>\n\n\n\n<p>Cont\u00e1ctanos y nuestro equipo de asesoramiento familiar estar\u00e1 encantado de poder ayudarte en este proceso sin ning\u00fan tipo de compromiso y <strong>de forma gratuita<\/strong>.<\/p>\n\n\n\n<div class=\"wp-block-buttons is-content-justification-center is-layout-flex wp-container-core-buttons-is-layout-16018d1d wp-block-buttons-is-layout-flex\">\n<div class=\"wp-block-button\"><a href=\"https:\/\/miresi.es\/buscador\/\"  rel=\"noreferrer noopener\"  rel=\"noreferrer noopener\">buscar ayuda<\/a><\/div>\n<\/div>\n\n\n\n<div style=\"height:10px\" aria-hidden=\"true\" class=\"wp-block-spacer\"><\/div>\n\n\n\n<p>\u00a1No queremos que te sientas solo! \u263a\ufe0f\ud83d\udc9a<\/p>\n\n\n\n<p class=\"has-cyan-bluish-gray-color has-text-color\" style=\"font-size:10px\">Fuentes:<\/p>\n\n\n\n<ul class=\"has-cyan-bluish-gray-color has-text-color wp-block-list\" style=\"font-size:10px\"><li>Atenci\u00f3n a los mayores: <a href=\"https:\/\/atencionmayores.org\/proceso-adaptacion-residencia\/\"  target=\"_blank\" rel=\"external nofollow\"   class=\"wp-links-icon\">https:\/\/atencionmayores.org\/proceso-adaptacion-residencia\/<\/a><\/li><li>Plusesmas.com: <a href=\"https:\/\/www.plusesmas.com\/cuidadorfamiliar\/elegir_residencia\/como_son_los_primeros_dias_en_una_residencia\/924.html\"  target=\"_blank\" rel=\"external nofollow\"   class=\"wp-links-icon\">https:\/\/www.plusesmas.com\/cuidadorfamiliar\/elegir_residencia\/como_son_los_primeros_dias_en_una_residencia\/924.html<\/a><\/li><li>Fundaci\u00f3n Rey Ardid: <a href=\"https:\/\/www.reyardid.org\/blog\/mayores-rey-ardid\/primeros-dias-en-una-residencia\/\"  target=\"_blank\" rel=\"external nofollow\"   class=\"wp-links-icon\">https:\/\/www.reyardid.org\/blog\/mayores-rey-ardid\/primeros-dias-en-una-residencia\/<\/a><\/li><li>Fundaci\u00f3n movilidad: <a href=\"https:\/\/www.fundacionmovilidad.es\/los-mayores-y-su-salud-en-los-primeros-dias-de-residencia-de-ancianos\/\"  target=\"_blank\" rel=\"external nofollow\"   class=\"wp-links-icon\">https:\/\/www.fundacionmovilidad.es\/los-mayores-y-su-salud-en-los-primeros-dias-de-residencia-de-ancianos\/<\/a><\/li><li>Mimosas: <a href=\"https:\/\/grupolasmimosas.com\/mimoonline\/facilitar-mayor-periodo-adaptacion-la-residencia\/\"  target=\"_blank\" rel=\"external nofollow\"   class=\"wp-links-icon\">https:\/\/grupolasmimosas.com\/mimoonline\/facilitar-mayor-periodo-adaptacion-la-residencia\/<\/a><\/li><li>Elsevier: <a href=\"https:\/\/www.elsevier.es\/es-revista-revista-espanola-geriatria-gerontologia-124-articulo-el-proceso-adaptacion-centros-residenciales-13011672\"  target=\"_blank\" rel=\"external nofollow\"   class=\"wp-links-icon\">https:\/\/www.elsevier.es\/es-revista-revista-espanola-geriatria-gerontologia-124-articulo-el-proceso-adaptacion-centros-residenciales-13011672<\/a><\/li><li>Infosalus: <a href=\"https:\/\/www.infosalus.com\/mayores\/noticia-pautas-si-vas-ingresar-familiar-mayor-residencia-20171115081843.html\"  target=\"_blank\" rel=\"external nofollow\"   class=\"wp-links-icon\">https:\/\/www.infosalus.com\/mayores\/noticia-pautas-si-vas-ingresar-familiar-mayor-residencia-20171115081843.html<\/a><\/li><\/ul>\n<div style='text-align:center' class='yasr-auto-insert-visitor'><!--Yasr Visitor Votes Shortcode--><div id='yasr_visitor_votes_a1ca1b66190f2' class='yasr-visitor-votes'><div class=\"yasr-custom-text-vv-before yasr-custom-text-vv-before-9552\">\u00a1Haz clic para puntuar esta entrada!<\/div><div id='yasr-vv-second-row-container-a1ca1b66190f2'\r\n                                        class='yasr-vv-second-row-container'><div id='yasr-visitor-votes-rater-a1ca1b66190f2'\r\n                                      class='yasr-rater-stars-vv'\r\n                                      data-rater-postid='9552'\r\n                                      data-rating='0'\r\n                                      data-rater-starsize='32'\r\n                                      data-rater-readonly='false'\r\n                                      data-rater-nonce='df9b54cd3f'\r\n                                      data-issingular='false'\r\n                                    ><\/div><div class=\"yasr-vv-stats-text-container\" id=\"yasr-vv-stats-text-container-a1ca1b66190f2\"><svg xmlns=\"https:\/\/www.w3.org\/2000\/svg\" width=\"20\" height=\"20\"\r\n                                   class=\"yasr-dashicons-visitor-stats\"\r\n                                   data-postid=\"9552\"\r\n                                   id=\"yasr-stats-dashicon-a1ca1b66190f2\">\r\n                                   <path d=\"M18 18v-16h-4v16h4zM12 18v-11h-4v11h4zM6 18v-8h-4v8h4z\"><\/path>\r\n                               <\/svg><span id=\"yasr-vv-text-container-a1ca1b66190f2\" class=\"yasr-vv-text-container\"> (Votos: <span id=\"yasr-vv-votes-number-container-a1ca1b66190f2\">0<\/span>  Promedio: <span id=\"yasr-vv-average-container-a1ca1b66190f2\">0<\/span>)<\/span><\/div><div id='yasr-vv-loader-a1ca1b66190f2' class='yasr-vv-container-loader'><\/div><\/div><div id='yasr-vv-bottom-container-a1ca1b66190f2'\r\n                              class='yasr-vv-bottom-container'\r\n                              style='display:none'><\/div><\/div><!--End Yasr Visitor Votes Shortcode--><\/div>","protected":false},"excerpt":{"rendered":"<p>El ingreso de un mayor en un centro no es una decisi\u00f3n familiar f\u00e1cil. miResi te informa sobre c\u00f3mo son los primeros d\u00edas viviendo en una residencia geri\u00e1trica.<\/p>\n","protected":false},"author":9,"featured_media":9563,"comment_status":"open","ping_status":"open","sticky":false,"template":"","format":"standard","meta":{"yasr_overall_rating":0,"yasr_post_is_review":"","yasr_auto_insert_disabled":"","yasr_review_type":"","footnotes":""},"categories":[395,362],"tags":[77,678,348,586,892,22],"class_list":["post-9552","post","type-post","status-publish","format-standard","has-post-thumbnail","hentry","category-profesionales-de-la-salud","category-residencias-de-mayores","tag-cuidado-de-personas-mayores","tag-familia","tag-ingreso-en-residencia","tag-personal-minimo-en-residencias-de-ancianos","tag-preingreso","tag-residencias-de-mayores"],"yasr_visitor_votes":{"stars_attributes":{"read_only":false,"span_bottom":false},"number_of_votes":0,"sum_votes":0},"_links":{"self":[{"href":"https:\/\/miresi.es\/blog\/wp-json\/wp\/v2\/posts\/9552","targetHints":{"allow":["GET"]}}],"collection":[{"href":"https:\/\/miresi.es\/blog\/wp-json\/wp\/v2\/posts"}],"about":[{"href":"https:\/\/miresi.es\/blog\/wp-json\/wp\/v2\/types\/post"}],"author":[{"embeddable":true,"href":"https:\/\/miresi.es\/blog\/wp-json\/wp\/v2\/users\/9"}],"replies":[{"embeddable":true,"href":"https:\/\/miresi.es\/blog\/wp-json\/wp\/v2\/comments?post=9552"}],"version-history":[{"count":21,"href":"https:\/\/miresi.es\/blog\/wp-json\/wp\/v2\/posts\/9552\/revisions"}],"predecessor-version":[{"id":24921,"href":"https:\/\/miresi.es\/blog\/wp-json\/wp\/v2\/posts\/9552\/revisions\/24921"}],"wp:featuredmedia":[{"embeddable":true,"href":"https:\/\/miresi.es\/blog\/wp-json\/wp\/v2\/media\/9563"}],"wp:attachment":[{"href":"https:\/\/miresi.es\/blog\/wp-json\/wp\/v2\/media?parent=9552"}],"wp:term":[{"taxonomy":"category","embeddable":true,"href":"https:\/\/miresi.es\/blog\/wp-json\/wp\/v2\/categories?post=9552"},{"taxonomy":"post_tag","embeddable":true,"href":"https:\/\/miresi.es\/blog\/wp-json\/wp\/v2\/tags?post=9552"}],"curies":[{"name":"wp","href":"https:\/\/api.w.org\/{rel}","templated":true}]}}